{"id":920,"date":"2017-02-03T13:50:18","date_gmt":"2017-02-03T12:50:18","guid":{"rendered":"http:\/\/gladitromso.no\/index.php\/2017\/02\/03\/et-beintoft-debattklima\/"},"modified":"2017-02-03T14:03:52","modified_gmt":"2017-02-03T13:03:52","slug":"et-beintoft-debattklima","status":"publish","type":"post","link":"https:\/\/jarleheitmann.no\/index.php\/2017\/02\/03\/et-beintoft-debattklima\/","title":{"rendered":"Et beint\u00f8ft debattklima&#8230;"},"content":{"rendered":"<p><figure id=\"attachment_919\" aria-describedby=\"caption-attachment-919\" style=\"width: 223px\" class=\"wp-caption alignleft\"><a href=\"https:\/\/i0.wp.com\/gladitromso.no\/wp-content\/uploads\/2017\/02\/img_5081-1.jpg\"><img data-recalc-dims=\"1\" loading=\"lazy\" decoding=\"async\" data-attachment-id=\"919\" data-permalink=\"https:\/\/jarleheitmann.no\/img_5081-1\/\" data-orig-file=\"https:\/\/i0.wp.com\/jarleheitmann.no\/wp-content\/uploads\/2017\/02\/img_5081-1.jpg?fit=480%2C387&amp;ssl=1\" data-orig-size=\"480,387\" data-comments-opened=\"1\" data-image-meta=\"{&quot;aperture&quot;:&quot;0&quot;,&quot;credit&quot;:&quot;&quot;,&quot;camera&quot;:&quot;&quot;,&quot;caption&quot;:&quot;&quot;,&quot;created_timestamp&quot;:&quot;0&quot;,&quot;copyright&quot;:&quot;&quot;,&quot;focal_length&quot;:&quot;0&quot;,&quot;iso&quot;:&quot;0&quot;,&quot;shutter_speed&quot;:&quot;0&quot;,&quot;title&quot;:&quot;&quot;,&quot;orientation&quot;:&quot;0&quot;}\" data-image-title=\"img_5081-1\" data-image-description=\"\" data-image-caption=\"\" data-medium-file=\"https:\/\/i0.wp.com\/jarleheitmann.no\/wp-content\/uploads\/2017\/02\/img_5081-1.jpg?fit=300%2C242&amp;ssl=1\" data-large-file=\"https:\/\/i0.wp.com\/jarleheitmann.no\/wp-content\/uploads\/2017\/02\/img_5081-1.jpg?fit=480%2C387&amp;ssl=1\" width=\"223\" height=\"180\" alt=\"\" src=\"https:\/\/i0.wp.com\/gladitromso.no\/wp-content\/uploads\/2017\/02\/img_5081-1.jpg?resize=223%2C180\" title=\"\" class=\"size-thumbnail wp-image-919\" srcset=\"https:\/\/i0.wp.com\/jarleheitmann.no\/wp-content\/uploads\/2017\/02\/img_5081-1.jpg?w=480&amp;ssl=1 480w, https:\/\/i0.wp.com\/jarleheitmann.no\/wp-content\/uploads\/2017\/02\/img_5081-1.jpg?resize=300%2C242&amp;ssl=1 300w\" sizes=\"auto, (max-width: 223px) 100vw, 223px\" \/><\/a><figcaption id=\"caption-attachment-919\" class=\"wp-caption-text\">Illustrasjon fra Pixabay.com<\/figcaption><\/figure>Som politiker har man klare meninger og er med p\u00e5 vedtak som skaper kritikk og gjerne med personlig karakteristikk. Jeg har etterhvert skj\u00f8nt at slik er det og blitt ganske tykkhudet.&nbsp;<\/p>\n<p>Den siste tiden har jeg likevel diskutert en sak, hvor jeg opplevd tilbakemeldinger og kommentarer som har g\u00e5tt inn p\u00e5 meg personlig og som jeg har for \u00e5 v\u00e6re \u00e5pen har tatt ganske tungt der og da.<\/p>\n<p>Det startet med at jeg i <a href=\"http:\/\/gladitromso.no\/index.php\/2016\/11\/18\/pci-behandling-tromso\/\">november engasjerte meg i \u00e5 st\u00e5 opp for PCI-senteret ved UNN <\/a>og mot at Helse Nord etablerer et senter til i nord, i Bod\u00f8. Jeg skal ikke g\u00e5 veldig inn i selve saken her. Men jeg mener oppriktig at dette er viktig for innbyggerne i hele landsdelen, og at det vil g\u00e5 utover folks helse utover i landsdelen. Jeg mener ogs\u00e5 at en slik tjeneste m\u00e5 ha kvalitet, og at dette skades ved desentralisering. Dette har jeg v\u00e6rt opptatt av i mange \u00e5r, og spesielt siden jeg begynte \u00e5 engasjere meg i disse sp\u00f8rsm\u00e5lene. Siden 2005 har jeg selv v\u00e6rt kronisk hjertesyk og jeg har ogs\u00e5 v\u00e6rt engasjert i LHL. Jeg har selv blitt utredet med PCI og var da opptatt av om jeg faktisk skulle gj\u00f8re dette ved UNN eller ved er av de st\u00f8rre sentere i Norge. Men det ene senteret i Nord-Norge, selv om det er et av de minste, holder m\u00e5l. Dette vil jeg bevare.&nbsp;<\/p>\n<p>Jeg respekterer at andre har ulik mening enn meg. Det m\u00e5 man i mitt yrke. Spesielt p\u00e5 diskusjonen kvalitet vs. desentralisering og hva er minimum antall prosedyrer for \u00e5 holde et tilstrekkelig godt niv\u00e5 p\u00e5 behandlingen. Jeg kan da ogs\u00e5 akseptere at det er ulike medisinske, samfunnsmedisinske og politiske synspunkter.&nbsp;<\/p>\n<p>Men i denne saken har jeg opplevd \u00e5 f\u00e5 tilsendt meldinger og lest kommentarer som har v\u00e6rt ganske t\u00f8ffe&#8230;<\/p>\n<p>Noen eksempler:&nbsp;<\/p>\n<blockquote><p>Jeg blir kvalm av \u00e5 lese dine meninger om PCI i Bod\u00f8!<\/p>\n<p>Det blir n\u00e5 ditt ansvar n\u00e5r folk d\u00f8r i ambulanseflyet p\u00e5 vei til Troms\u00f8!<\/p>\n<p>Du st\u00e5r for en uforst\u00e5elig sm\u00e5lighet!<\/p>\n<p>Du er hjertel\u00f8s!<\/p>\n<p>Du beg\u00e5r omtrent mord om du nekter folk i Nordland dette!<\/p>\n<p>Du vil bare for \u00e5 beskytte egen by, ogs\u00e5 bryr du ikke om at alle andre d\u00f8r p\u00e5 vei!<\/p><\/blockquote>\n<p>Jeg har f\u00e5tt mange tilbakemeldinger, b\u00e5de for og imot, etter at jeg blogget i november og lenge var den eneste politiker som var utad skeptisk til et nytt PCI-senter i nord, <a href=\"http:\/\/mobil.an.no\/helsevesen\/helse-nord\/bodo\/et-samlet-ordforerkorps-til-hjertekamp-en-av-dem-var-selv-doden-nar\/s\/5-4-457004\">som Avisa Nordland skrev<\/a>. Og de aller fleste av disse, ogs\u00e5 de som er uenig med meg, har v\u00e6rt saklige.<\/p>\n<p>Men dette mindretallet som g\u00e5r rett p\u00e5 deg som person, som skal ta din karakter, som mener du er sm\u00e5lig eller en &laquo;drapsmann&raquo; &#8211; de setter deg ganske ut. Det er da man lurer p\u00e5 om politikk er verdt \u00e5 drive p\u00e5 med? Eller om dette er en type saker hvor man skal sitte musestille og holde kjeft, for husfreden i nord?<\/p>\n<p>Samtidig m\u00e5 man st\u00e5 i det og jeg vil <b>absolutt<\/b> ikke fremst\u00e5 som &laquo;<b>lidende<\/b>&raquo; eller pr\u00f8ve \u00e5 ta en &laquo;<b>offerrolle<\/b>&laquo;. Jeg har en meget god ballast som politiker og har st\u00e5tt med politiske valg i snart 25 \u00e5r. S\u00e5 dette st\u00e5r jeg godt i, selv om det er t\u00f8ft \u00e5 f\u00e5 slike uttalelser slengt etter seg. Men det jeg vil fokusere p\u00e5, er at et slikt debattklima, vil skremme bort folk med mindre ballast. Det vil v\u00e6re negativt for demokratiet.<\/p>\n<p>Det vil ogs\u00e5 v\u00e6re til hinder for \u00e5 snakke om selve saken.Dersom vi i saker som gjelder f.eks helse og hvor Troms\u00f8 og Bod\u00f8 er involvert, skal redusere en faglig debatt til et sp\u00f8rsm\u00e5l om man er drapsmann eller ikke, s\u00e5 kan vi ikke rett og slett ikke diskutere slike saker selv. Da f\u00e5r vi leve med at noen andre, plassert i hovedstaden, tar den diskusjonen og avgj\u00f8relsen for oss. Det vil v\u00e6re veldig synd.&nbsp;<\/p>\n<p>De aller fleste har som sagt v\u00e6rt saklig i denne saken, og nesten alle som har v\u00e6rt i den politiske ledelsene i landsdelen heldigvis likes\u00e5. Det gir meg egentlig optimisme. <b>Samtidig m\u00e5 vi hele tiden v\u00e6re villig til \u00e5 kjempe for debattklimaet.&nbsp;<\/b><\/p>\n","protected":false},"excerpt":{"rendered":"<p>Som politiker har man klare meninger og er med p\u00e5 vedtak som skaper kritikk og gjerne med personlig karakteristikk. Jeg har etterhvert skj\u00f8nt at slik er det og blitt ganske [&hellip;]<\/p>\n","protected":false},"author":2,"featured_media":921,"comment_status":"open","ping_status":"open","sticky":false,"template":"","format":"standard","meta":{"jetpack_post_was_ever_published":false,"_jetpack_newsletter_access":"","_jetpack_dont_email_post_to_subs":true,"_jetpack_newsletter_tier_id":0,"_jetpack_memberships_contains_paywalled_content":false,"_jetpack_memberships_contains_paid_content":false,"footnotes":"","jetpack_publicize_message":"","jetpack_publicize_feature_enabled":true,"jetpack_social_post_already_shared":true,"jetpack_social_options":{"image_generator_settings":{"template":"highway","default_image_id":0,"font":"","enabled":false},"version":2}},"categories":[363,1],"tags":[],"class_list":["post-920","post","type-post","status-publish","format-standard","has-post-thumbnail","hentry","category-debatt","category-uncategorized"],"jetpack_publicize_connections":[],"jetpack_featured_media_url":"https:\/\/i0.wp.com\/jarleheitmann.no\/wp-content\/uploads\/2017\/02\/img_5081-2.jpg?fit=374%2C302&ssl=1","jetpack_sharing_enabled":true,"jetpack_shortlink":"https:\/\/wp.me\/p6OCVj-eQ","jetpack-related-posts":[],"_links":{"self":[{"href":"https:\/\/jarleheitmann.no\/index.php\/wp-json\/wp\/v2\/posts\/920","targetHints":{"allow":["GET"]}}],"collection":[{"href":"https:\/\/jarleheitmann.no\/index.php\/wp-json\/wp\/v2\/posts"}],"about":[{"href":"https:\/\/jarleheitmann.no\/index.php\/wp-json\/wp\/v2\/types\/post"}],"author":[{"embeddable":true,"href":"https:\/\/jarleheitmann.no\/index.php\/wp-json\/wp\/v2\/users\/2"}],"replies":[{"embeddable":true,"href":"https:\/\/jarleheitmann.no\/index.php\/wp-json\/wp\/v2\/comments?post=920"}],"version-history":[{"count":3,"href":"https:\/\/jarleheitmann.no\/index.php\/wp-json\/wp\/v2\/posts\/920\/revisions"}],"predecessor-version":[{"id":924,"href":"https:\/\/jarleheitmann.no\/index.php\/wp-json\/wp\/v2\/posts\/920\/revisions\/924"}],"wp:featuredmedia":[{"embeddable":true,"href":"https:\/\/jarleheitmann.no\/index.php\/wp-json\/wp\/v2\/media\/921"}],"wp:attachment":[{"href":"https:\/\/jarleheitmann.no\/index.php\/wp-json\/wp\/v2\/media?parent=920"}],"wp:term":[{"taxonomy":"category","embeddable":true,"href":"https:\/\/jarleheitmann.no\/index.php\/wp-json\/wp\/v2\/categories?post=920"},{"taxonomy":"post_tag","embeddable":true,"href":"https:\/\/jarleheitmann.no\/index.php\/wp-json\/wp\/v2\/tags?post=920"}],"curies":[{"name":"wp","href":"https:\/\/api.w.org\/{rel}","templated":true}]}}