{"id":913,"date":"2017-02-01T15:41:55","date_gmt":"2017-02-01T14:41:55","guid":{"rendered":"http:\/\/gladitromso.no\/?p=913"},"modified":"2017-02-03T01:09:21","modified_gmt":"2017-02-03T00:09:21","slug":"integreringsrad-i-tromso","status":"publish","type":"post","link":"https:\/\/jarleheitmann.no\/index.php\/2017\/02\/01\/integreringsrad-i-tromso\/","title":{"rendered":"Integreringsr\u00e5d i Troms\u00f8"},"content":{"rendered":"<figure id=\"attachment_914\" aria-describedby=\"caption-attachment-914\" style=\"width: 300px\" class=\"wp-caption alignleft\"><a href=\"https:\/\/i0.wp.com\/gladitromso.no\/wp-content\/uploads\/2017\/02\/hand-1137978_960_720.jpg\"><img data-recalc-dims=\"1\" loading=\"lazy\" decoding=\"async\" data-attachment-id=\"914\" data-permalink=\"https:\/\/jarleheitmann.no\/index.php\/2017\/02\/01\/integreringsrad-i-tromso\/hand-1137978_960_720\/\" data-orig-file=\"https:\/\/i0.wp.com\/jarleheitmann.no\/wp-content\/uploads\/2017\/02\/hand-1137978_960_720.jpg?fit=960%2C720&amp;ssl=1\" data-orig-size=\"960,720\" data-comments-opened=\"1\" data-image-meta=\"{&quot;aperture&quot;:&quot;0&quot;,&quot;credit&quot;:&quot;&quot;,&quot;camera&quot;:&quot;&quot;,&quot;caption&quot;:&quot;&quot;,&quot;created_timestamp&quot;:&quot;0&quot;,&quot;copyright&quot;:&quot;&quot;,&quot;focal_length&quot;:&quot;0&quot;,&quot;iso&quot;:&quot;0&quot;,&quot;shutter_speed&quot;:&quot;0&quot;,&quot;title&quot;:&quot;&quot;,&quot;orientation&quot;:&quot;0&quot;}\" data-image-title=\"hand-1137978_960_720\" data-image-description=\"\" data-image-caption=\"&lt;p&gt;(Illustrasjonsfoto: Pixabay.com)&lt;\/p&gt;\n\" data-medium-file=\"https:\/\/i0.wp.com\/jarleheitmann.no\/wp-content\/uploads\/2017\/02\/hand-1137978_960_720.jpg?fit=300%2C225&amp;ssl=1\" data-large-file=\"https:\/\/i0.wp.com\/jarleheitmann.no\/wp-content\/uploads\/2017\/02\/hand-1137978_960_720.jpg?fit=960%2C720&amp;ssl=1\" class=\"size-medium wp-image-914\" src=\"https:\/\/i0.wp.com\/gladitromso.no\/wp-content\/uploads\/2017\/02\/hand-1137978_960_720-300x225.jpg?resize=300%2C225\" alt=\"(Illustrasjonsfoto: Pixabay.com)\" width=\"300\" height=\"225\" srcset=\"https:\/\/i0.wp.com\/jarleheitmann.no\/wp-content\/uploads\/2017\/02\/hand-1137978_960_720.jpg?resize=300%2C225&amp;ssl=1 300w, https:\/\/i0.wp.com\/jarleheitmann.no\/wp-content\/uploads\/2017\/02\/hand-1137978_960_720.jpg?resize=768%2C576&amp;ssl=1 768w, https:\/\/i0.wp.com\/jarleheitmann.no\/wp-content\/uploads\/2017\/02\/hand-1137978_960_720.jpg?resize=750%2C563&amp;ssl=1 750w, https:\/\/i0.wp.com\/jarleheitmann.no\/wp-content\/uploads\/2017\/02\/hand-1137978_960_720.jpg?w=960&amp;ssl=1 960w\" sizes=\"auto, (max-width: 300px) 100vw, 300px\" \/><\/a><figcaption id=\"caption-attachment-914\" class=\"wp-caption-text\">(Illustrasjonsfoto: Pixabay.com)<\/figcaption><\/figure>\n<p>Kommunestyret har vedtatt\u00a0 \u00e5 opprette et integreringsr\u00e5d som skal arbeide for \u00e5 gj\u00f8re Troms\u00f8 til et \u00e5pent samfunn bygd p\u00e5 toleranse og internasjonalt mangfold der innbyggere fra andre land deltar aktivt og integreres i samfunnet.<br \/>\n<!--more--><\/p>\n<p>Integreringsr\u00e5det skal ha ni medlemmer som oppnevnes av kommunestyret. Seks av medlemmene skal v\u00e6re innbyggere med bakgrunn fra forskjellige land og verdensdeler, minst et av disse skal v\u00e6re arbeidsinnvandrer. Disse skal foresl\u00e5s av lag, foreninger og andre gjennom en \u00e5pen utlysning. Tre r\u00e5dsmedlemmer velges blant medlemmer av Troms\u00f8 kommunestyre.<\/p>\n<p><a href=\"http:\/\/www.itromso.no\/nyheter\/2016\/12\/13\/Ap-politiker-om-integrering-%E2%80%93-Vi-har-et-kritthvitt-kommunestyre-13927288.ece\" target=\"_blank\">iTroms\u00f8 13.12.17: Ap-politiker om integrering: \u2013 Vi har et kritthvitt kommunestyre<\/a><br \/>\n<a href=\"http:\/\/www.nordlys.no\/tromso\/innvandring\/kultur\/oppretter-integreringsrad-i-tromso-dette-vil-ta-helt-av\/s\/5-34-531500\" target=\"_blank\">Bladet Nordlys 13.12.17: Oppretter integreringsr\u00e5d i Troms\u00f8: &#8211; Dette vil ta helt av<\/a><\/p>\n<p><strong>Her er innlegget mitt om integreringsr\u00e5d i kommunestyret 25.1.17<\/strong><\/p>\n<p><iframe loading=\"lazy\" frameborder=\"0\" height=\"446px\" width=\"698px\" id=\"player-1486080529070-iframe\" scrolling=\"no\" seamless=\"seamless\" src=\"http:\/\/tromso.kommunetv.no\/bruker\/Embed.aspx?movieID=138&#038;start=18185&#038;end=18316&#038;duration=131&#038;sid=1602&#038;cid=2&#038;allowsharing=true&#038;embed=1&#038;width=698&#038;height=420&#038;playerID=player-1486080529070\">Your browser does not support iFrames!<\/iframe><\/p>\n<p>Jeg fokuserte i innlegget p\u00e5 at m\u00e5let med r\u00e5det er \u00e5 oppn\u00e5 dialog med en gruppe som ikke har nok representasjon i kommunen. For \u00e5 sette det p\u00e5 spissen, s\u00e5 har vi et kritthvitt kommunestyre i Troms\u00f8 kommune. De aller fleste er hvite med norsk etnisk bakgrunn. Der m\u00e5 nok vi som politikere, inkludert mitt eget parti, ta selvkritikk for ikke \u00e5 sette nok folk med innvandrerbakgrunn p\u00e5 listene til lokalvalget.<\/p>\n","protected":false},"excerpt":{"rendered":"<p>Kommunestyret har vedtatt\u00a0 \u00e5 opprette et integreringsr\u00e5d som skal arbeide for \u00e5 gj\u00f8re Troms\u00f8 til et \u00e5pent samfunn bygd p\u00e5 toleranse og internasjonalt mangfold der innbyggere fra andre land deltar [&hellip;]<\/p>\n","protected":false},"author":2,"featured_media":914,"comment_status":"open","ping_status":"open","sticky":false,"template":"","format":"standard","meta":{"jetpack_post_was_ever_published":false,"_jetpack_newsletter_access":"","_jetpack_dont_email_post_to_subs":true,"_jetpack_newsletter_tier_id":0,"_jetpack_memberships_contains_paywalled_content":false,"_jetpack_memberships_contains_paid_content":false,"footnotes":"","jetpack_publicize_message":"","jetpack_publicize_feature_enabled":true,"jetpack_social_post_already_shared":true,"jetpack_social_options":{"image_generator_settings":{"template":"highway","default_image_id":0,"font":"","enabled":false},"version":2}},"categories":[3],"tags":[362,360,358,359,9,163,361,23],"class_list":["post-913","post","type-post","status-publish","format-standard","has-post-thumbnail","hentry","category-kommunestyret","tag-innlegg","tag-innvandring","tag-integrering","tag-integreringsrad","tag-kommunestyret","tag-mangfold","tag-nasjonaliteter","tag-tromso"],"jetpack_publicize_connections":[],"jetpack_featured_media_url":"https:\/\/i0.wp.com\/jarleheitmann.no\/wp-content\/uploads\/2017\/02\/hand-1137978_960_720.jpg?fit=960%2C720&ssl=1","jetpack_sharing_enabled":true,"jetpack_shortlink":"https:\/\/wp.me\/p6OCVj-eJ","jetpack-related-posts":[],"_links":{"self":[{"href":"https:\/\/jarleheitmann.no\/index.php\/wp-json\/wp\/v2\/posts\/913","targetHints":{"allow":["GET"]}}],"collection":[{"href":"https:\/\/jarleheitmann.no\/index.php\/wp-json\/wp\/v2\/posts"}],"about":[{"href":"https:\/\/jarleheitmann.no\/index.php\/wp-json\/wp\/v2\/types\/post"}],"author":[{"embeddable":true,"href":"https:\/\/jarleheitmann.no\/index.php\/wp-json\/wp\/v2\/users\/2"}],"replies":[{"embeddable":true,"href":"https:\/\/jarleheitmann.no\/index.php\/wp-json\/wp\/v2\/comments?post=913"}],"version-history":[{"count":2,"href":"https:\/\/jarleheitmann.no\/index.php\/wp-json\/wp\/v2\/posts\/913\/revisions"}],"predecessor-version":[{"id":916,"href":"https:\/\/jarleheitmann.no\/index.php\/wp-json\/wp\/v2\/posts\/913\/revisions\/916"}],"wp:featuredmedia":[{"embeddable":true,"href":"https:\/\/jarleheitmann.no\/index.php\/wp-json\/wp\/v2\/media\/914"}],"wp:attachment":[{"href":"https:\/\/jarleheitmann.no\/index.php\/wp-json\/wp\/v2\/media?parent=913"}],"wp:term":[{"taxonomy":"category","embeddable":true,"href":"https:\/\/jarleheitmann.no\/index.php\/wp-json\/wp\/v2\/categories?post=913"},{"taxonomy":"post_tag","embeddable":true,"href":"https:\/\/jarleheitmann.no\/index.php\/wp-json\/wp\/v2\/tags?post=913"}],"curies":[{"name":"wp","href":"https:\/\/api.w.org\/{rel}","templated":true}]}}