{"id":815,"date":"2017-01-14T18:15:44","date_gmt":"2017-01-14T17:15:44","guid":{"rendered":"http:\/\/gladitromso.no\/?p=815"},"modified":"2017-01-15T09:16:42","modified_gmt":"2017-01-15T08:16:42","slug":"tonje-randisdatter-tunstad-2017-aret-gidder-a-lytte-stemmelose","status":"publish","type":"post","link":"https:\/\/jarleheitmann.no\/index.php\/2017\/01\/14\/tonje-randisdatter-tunstad-2017-aret-gidder-a-lytte-stemmelose\/","title":{"rendered":"Tonje Randisdatter Tunstad: 2017 &#8211; \u00c5ret vi gidder \u00e5 lytte til de stemmel\u00f8se."},"content":{"rendered":"<figure id=\"attachment_816\" aria-describedby=\"caption-attachment-816\" style=\"width: 296px\" class=\"wp-caption alignleft\"><a href=\"https:\/\/i0.wp.com\/gladitromso.no\/wp-content\/uploads\/2017\/01\/Tonje-Randisdatter-Tunstad.jpg\"><img data-recalc-dims=\"1\" loading=\"lazy\" decoding=\"async\" data-attachment-id=\"816\" data-permalink=\"https:\/\/jarleheitmann.no\/index.php\/2017\/01\/14\/tonje-randisdatter-tunstad-2017-aret-gidder-a-lytte-stemmelose\/tonje-randisdatter-tunstad\/\" data-orig-file=\"https:\/\/i0.wp.com\/jarleheitmann.no\/wp-content\/uploads\/2017\/01\/Tonje-Randisdatter-Tunstad-e1484466762715.jpg?fit=493%2C500&amp;ssl=1\" data-orig-size=\"493,500\" data-comments-opened=\"1\" data-image-meta=\"{&quot;aperture&quot;:&quot;0&quot;,&quot;credit&quot;:&quot;&quot;,&quot;camera&quot;:&quot;&quot;,&quot;caption&quot;:&quot;&quot;,&quot;created_timestamp&quot;:&quot;0&quot;,&quot;copyright&quot;:&quot;&quot;,&quot;focal_length&quot;:&quot;0&quot;,&quot;iso&quot;:&quot;0&quot;,&quot;shutter_speed&quot;:&quot;0&quot;,&quot;title&quot;:&quot;&quot;,&quot;orientation&quot;:&quot;0&quot;}\" data-image-title=\"Tonje Randisdatter Tunstad\" data-image-description=\"\" data-image-caption=\"&lt;p&gt;Tonje Randisdatter Tunstad er kommunestyrerepresentant for Troms\u00f8 Ap. Hun sitter ogs\u00e5 i helse- og omsorgskomiteen.,&lt;\/p&gt;\n\" data-medium-file=\"https:\/\/i0.wp.com\/jarleheitmann.no\/wp-content\/uploads\/2017\/01\/Tonje-Randisdatter-Tunstad-e1484466762715.jpg?fit=296%2C300&amp;ssl=1\" data-large-file=\"https:\/\/i0.wp.com\/jarleheitmann.no\/wp-content\/uploads\/2017\/01\/Tonje-Randisdatter-Tunstad-e1484466762715.jpg?fit=493%2C500&amp;ssl=1\" class=\"wp-image-816 size-medium\" src=\"https:\/\/i0.wp.com\/gladitromso.no\/wp-content\/uploads\/2017\/01\/Tonje-Randisdatter-Tunstad-e1484466762715-296x300.jpg?resize=296%2C300\" alt=\"Tonje Randisdatter Tunstad er kommunestyrerepresentant for Troms\u00f8 Ap. Hun sitter ogs\u00e5 i helse- og omsorgskomiteen.,\" width=\"296\" height=\"300\" srcset=\"https:\/\/i0.wp.com\/jarleheitmann.no\/wp-content\/uploads\/2017\/01\/Tonje-Randisdatter-Tunstad-e1484466762715.jpg?resize=296%2C300&amp;ssl=1 296w, https:\/\/i0.wp.com\/jarleheitmann.no\/wp-content\/uploads\/2017\/01\/Tonje-Randisdatter-Tunstad-e1484466762715.jpg?w=493&amp;ssl=1 493w\" sizes=\"auto, (max-width: 296px) 100vw, 296px\" \/><\/a><figcaption id=\"caption-attachment-816\" class=\"wp-caption-text\">Tonje Randisdatter Tunstad er kommunestyrerepresentant for Troms\u00f8 Ap. Hun sitter ogs\u00e5 i helse- og omsorgskomiteen.,<\/figcaption><\/figure>\n<p>Vi er noen f\u00e5 dager inn i 2017, og det er i gang. Nyhets\u00e5ret. Vi leser om mye v\u00e6r. Mennesker som lider. Bensinpriser som har slitt seg. Sambygdinger som har det vanskelig.<br \/>\n<!--more--><br \/>\nVi raser inn i et nytt \u00e5r og nyhetene f\u00f8les som de samme. Men verden rundt oss forandret seg i 2016. St\u00f8rre terrordekning gj\u00f8r det vanskeligere \u00e5 rystes, vedvarende kriger gj\u00f8r det vanskeligere \u00e5 finne h\u00e5p. Troms\u00f8 er et fredelig hj\u00f8rne i verden, men ogs\u00e5 vi forandres. Gatebildet best\u00e5r i store deler av mennesker vi ikke ser. Bak vegger bor mennesker vi ikke h\u00f8rer.<\/p>\n<p><a href=\"https:\/\/www.facebook.com\/TromsoArbeiderparti\/videos\/857083017672553\/\" target=\"_blank\">Se video med Tonje Randisdatter Tunstad hvor hun forteller om sin jobb som barnesykepleier ved UNN<\/a><\/p>\n<p>Blant debattene om det n\u00e6re og egne tar vi verden med oss inn i kommunestyret for \u00e5 finne ut hvordan, og hvor, Troms\u00f8 kan bidra.<\/p>\n<p>Ogs\u00e5 jeg har gjennomg\u00e5tt en forandring. 2016 var, i forlengelsen av 2015, \u00e5ret jeg fikk en stemme. F\u00f8r ropte jeg h\u00f8yt ut i ingenting. N\u00e5 har jeg f\u00e5tt en talerstol. Den skal jeg bli enda flinkere til \u00e5 bruke til \u00e5 snakke om de tingene som er viktig for meg. Jeg har h\u00e5rete m\u00e5l for mitt kommunestyre\u00e5r 2017:<\/p>\n<blockquote><p><strong>I \u00e5r skal jeg snakke for de stemmel\u00f8se<\/strong>.<\/p><\/blockquote>\n<p>I en utfordrende kommune\u00f8konomi er det lett \u00e5 overse de som ikke roper h\u00f8yest. Ett av mine viktigste m\u00e5l for 2017 er \u00e5 jobbe for at det ikke skjer. For de svakeste stemmene, b\u00e6rer ofte de sterkeste budskapene.<\/p>\n<figure id=\"attachment_822\" aria-describedby=\"caption-attachment-822\" style=\"width: 300px\" class=\"wp-caption alignright\"><a href=\"https:\/\/i0.wp.com\/gladitromso.no\/wp-content\/uploads\/2017\/01\/children-1413298_640.jpg\"><img data-recalc-dims=\"1\" loading=\"lazy\" decoding=\"async\" data-attachment-id=\"822\" data-permalink=\"https:\/\/jarleheitmann.no\/index.php\/2017\/01\/14\/tonje-randisdatter-tunstad-2017-aret-gidder-a-lytte-stemmelose\/children-1413298_640\/\" data-orig-file=\"https:\/\/i0.wp.com\/jarleheitmann.no\/wp-content\/uploads\/2017\/01\/children-1413298_640.jpg?fit=640%2C423&amp;ssl=1\" data-orig-size=\"640,423\" data-comments-opened=\"1\" data-image-meta=\"{&quot;aperture&quot;:&quot;0&quot;,&quot;credit&quot;:&quot;&quot;,&quot;camera&quot;:&quot;&quot;,&quot;caption&quot;:&quot;&quot;,&quot;created_timestamp&quot;:&quot;0&quot;,&quot;copyright&quot;:&quot;&quot;,&quot;focal_length&quot;:&quot;0&quot;,&quot;iso&quot;:&quot;0&quot;,&quot;shutter_speed&quot;:&quot;0&quot;,&quot;title&quot;:&quot;&quot;,&quot;orientation&quot;:&quot;0&quot;}\" data-image-title=\"children-1413298_640\" data-image-description=\"\" data-image-caption=\"&lt;p&gt;Illustrasjonsfoto (Pixabay).&lt;\/p&gt;\n\" data-medium-file=\"https:\/\/i0.wp.com\/jarleheitmann.no\/wp-content\/uploads\/2017\/01\/children-1413298_640.jpg?fit=300%2C198&amp;ssl=1\" data-large-file=\"https:\/\/i0.wp.com\/jarleheitmann.no\/wp-content\/uploads\/2017\/01\/children-1413298_640.jpg?fit=640%2C423&amp;ssl=1\" class=\"size-medium wp-image-822\" src=\"https:\/\/i0.wp.com\/gladitromso.no\/wp-content\/uploads\/2017\/01\/children-1413298_640-300x198.jpg?resize=300%2C198\" alt=\"Illustrasjonsfoto (Pixabay).\" width=\"300\" height=\"198\" srcset=\"https:\/\/i0.wp.com\/jarleheitmann.no\/wp-content\/uploads\/2017\/01\/children-1413298_640.jpg?resize=300%2C198&amp;ssl=1 300w, https:\/\/i0.wp.com\/jarleheitmann.no\/wp-content\/uploads\/2017\/01\/children-1413298_640.jpg?w=640&amp;ssl=1 640w\" sizes=\"auto, (max-width: 300px) 100vw, 300px\" \/><\/a><figcaption id=\"caption-attachment-822\" class=\"wp-caption-text\">Illustrasjonsfoto (Pixabay).<\/figcaption><\/figure>\n<p>I Troms\u00f8 finnes det barn som ikke har det godt. Vi har et godt apparat rundt de av dem som vi vet om \u2013 barnevernet v\u00e5rt jobber hardt for \u00e5 bli bedre, med resultater, og Barnehuset er et trygt sted \u00e5 komme n\u00e5r du har levd utrygt. Det store samfunnsoppdraget er \u00e5 vite om alle: \u00c5 t\u00f8rre \u00e5 se, og t\u00f8rre \u00e5 h\u00f8re. Det gjelder ogs\u00e5 deg og meg.<\/p>\n<p>Utrygge barn har lettere for \u00e5 finne r\u00f8mningsveier enn barn som har det bra. Den beste m\u00e5ten \u00e5 forebygge rusproblemer blant de unge og s\u00e5rbare er ved \u00e5 skape gode oppekstvilk\u00e5r og gi dem muligheter i livet \u2013 fremfor \u00e5 skremme dem med trusler om straff og kontrolltiltak.<\/p>\n<p><a href=\"http:\/\/www.facebook.com\/gladitromso\">F\u00f8lg \u00abGlad i Troms\u00f8\u00bb p\u00e5 Facebook \u2013 f\u00e5 oppdateringer p\u00e5 nye bloggposter og nyheter.<\/a><\/p>\n<p>Utrygge barn blir lettere utrygge voksne. I \u00e5ret som kommer h\u00e5per jeg vi kan m\u00f8te dem som sliter med st\u00f8rre respekt \u2013 og et behandlingstilbud som virker. Jeg har f\u00e5tt refs f\u00f8r for \u00e5 ha brukt definisjonen \u00abbyens l\u00f8se fugler\u00bb. Det er kanskje et uheldig ordvalg. Intensjonen er likevel den samme: Jeg sa i valgkampen i 2015 at jeg ville kjempe for dem. Det vil jeg fortsette med.<\/p>\n<p>Jeg vil vise de nyankomne og de utilpasse\u00a0 i den fine, lille store byen v\u00e5r at det finnes rom, midler, og behov, ogs\u00e5 for dem. Uavhengig av utgangspunkt, og hvilket spr\u00e5k vi snakker. Jeg vil v\u00e6re med p\u00e5 \u00e5 gi muligheter.<\/p>\n<figure id=\"attachment_336\" aria-describedby=\"caption-attachment-336\" style=\"width: 150px\" class=\"wp-caption alignright\"><a href=\"https:\/\/i0.wp.com\/gladitromso.no\/wp-content\/uploads\/2016\/10\/computer.png\"><img data-recalc-dims=\"1\" loading=\"lazy\" decoding=\"async\" data-attachment-id=\"336\" data-permalink=\"https:\/\/jarleheitmann.no\/index.php\/2016\/10\/21\/glad-tromso-arild-hausberg\/computer\/\" data-orig-file=\"https:\/\/i0.wp.com\/jarleheitmann.no\/wp-content\/uploads\/2016\/10\/computer.png?fit=371%2C357&amp;ssl=1\" data-orig-size=\"371,357\" data-comments-opened=\"1\" data-image-meta=\"{&quot;aperture&quot;:&quot;0&quot;,&quot;credit&quot;:&quot;&quot;,&quot;camera&quot;:&quot;&quot;,&quot;caption&quot;:&quot;&quot;,&quot;created_timestamp&quot;:&quot;0&quot;,&quot;copyright&quot;:&quot;&quot;,&quot;focal_length&quot;:&quot;0&quot;,&quot;iso&quot;:&quot;0&quot;,&quot;shutter_speed&quot;:&quot;0&quot;,&quot;title&quot;:&quot;&quot;,&quot;orientation&quot;:&quot;0&quot;}\" data-image-title=\"computer\" data-image-description=\"\" data-image-caption=\"&lt;p&gt;Hver uke inviteres en gjesteblogger til &amp;laquo;Glad i Troms\u00f8&amp;raquo;.&lt;\/p&gt;\n\" data-medium-file=\"https:\/\/i0.wp.com\/jarleheitmann.no\/wp-content\/uploads\/2016\/10\/computer.png?fit=300%2C289&amp;ssl=1\" data-large-file=\"https:\/\/i0.wp.com\/jarleheitmann.no\/wp-content\/uploads\/2016\/10\/computer.png?fit=371%2C357&amp;ssl=1\" class=\"size-thumbnail wp-image-336\" src=\"https:\/\/i0.wp.com\/gladitromso.no\/wp-content\/uploads\/2016\/10\/computer-150x150.png?resize=150%2C150\" alt=\"Hver uke inviteres gjesteblogger(e) til \u00e5 blogge p\u00e5 &quot;Glad i Troms\u00f8&quot;.\" width=\"150\" height=\"150\" srcset=\"https:\/\/i0.wp.com\/jarleheitmann.no\/wp-content\/uploads\/2016\/10\/computer.png?resize=150%2C150&amp;ssl=1 150w, https:\/\/i0.wp.com\/jarleheitmann.no\/wp-content\/uploads\/2016\/10\/computer.png?zoom=2&amp;resize=150%2C150&amp;ssl=1 300w\" sizes=\"auto, (max-width: 150px) 100vw, 150px\" \/><\/a><figcaption id=\"caption-attachment-336\" class=\"wp-caption-text\">Hver uke inviteres gjesteblogger(e) til \u00e5 blogge p\u00e5 &laquo;Glad i Troms\u00f8&raquo;.<\/figcaption><\/figure>\n<p>Derfor vil jeg snakke for disse barna. For de nyankomne. For de utilpasse. Jeg vil snakke p\u00e5 vegne av fisken, som \u00e5penbart ikke snakker norsk. Jeg vil snakke for religionsfrihet, likestilling og for din rett til \u00e5 si det du vil \u2013 og for \u00e5 styrke dine muligheter for \u00e5 greie det.<\/p>\n<p>Jeg h\u00e5per dette nyhets\u00e5ret vil best\u00e5 best\u00e5 av mindre v\u00e6r, og mer varme. Jeg h\u00e5per vi f\u00e5r tilbake evnen til \u00e5 rystes, \u00e5 gj\u00f8re noe med det vi ser, og til \u00e5 h\u00e5pe. M\u00e5tte 2017 bli \u00e5ret vi l\u00e6rer oss \u00e5 lytte til de, til n\u00e5, spakeste stemmene.<\/p>\n<p><strong>I 2016 fikk jeg en stemme. I 2017 skal jeg jobbe for at flere h\u00f8res. Godt nytt \u00e5r.<\/strong><\/p>\n<p><em>(ukas bloggpost som opprinnelig ble bestilt til GladiTroms\u00f8-bloggen, har ogs\u00e5 v\u00e6rt publisert\u00a0p\u00e5 NordNorsk debatt.)<\/em><\/p>\n","protected":false},"excerpt":{"rendered":"<p>Vi er noen f\u00e5 dager inn i 2017, og det er i gang. Nyhets\u00e5ret. Vi leser om mye v\u00e6r. Mennesker som lider. Bensinpriser som har slitt seg. Sambygdinger som har [&hellip;]<\/p>\n","protected":false},"author":2,"featured_media":816,"comment_status":"open","ping_status":"open","sticky":false,"template":"","format":"standard","meta":{"jetpack_post_was_ever_published":false,"_jetpack_newsletter_access":"","_jetpack_dont_email_post_to_subs":true,"_jetpack_newsletter_tier_id":0,"_jetpack_memberships_contains_paywalled_content":false,"_jetpack_memberships_contains_paid_content":false,"footnotes":"","jetpack_publicize_message":"","jetpack_publicize_feature_enabled":true,"jetpack_social_post_already_shared":true,"jetpack_social_options":{"image_generator_settings":{"template":"highway","default_image_id":0,"font":"","enabled":false},"version":2}},"categories":[110],"tags":[280,313,9,310,312,311],"class_list":["post-815","post","type-post","status-publish","format-standard","has-post-thumbnail","hentry","category-gjesteblogger","tag-280","tag-barnehuset","tag-kommunestyret","tag-nyttar","tag-rus","tag-utrygge-barn"],"jetpack_publicize_connections":[],"jetpack_featured_media_url":"https:\/\/i0.wp.com\/jarleheitmann.no\/wp-content\/uploads\/2017\/01\/Tonje-Randisdatter-Tunstad-e1484466762715.jpg?fit=493%2C500&ssl=1","jetpack_sharing_enabled":true,"jetpack_shortlink":"https:\/\/wp.me\/p6OCVj-d9","jetpack-related-posts":[],"_links":{"self":[{"href":"https:\/\/jarleheitmann.no\/index.php\/wp-json\/wp\/v2\/posts\/815","targetHints":{"allow":["GET"]}}],"collection":[{"href":"https:\/\/jarleheitmann.no\/index.php\/wp-json\/wp\/v2\/posts"}],"about":[{"href":"https:\/\/jarleheitmann.no\/index.php\/wp-json\/wp\/v2\/types\/post"}],"author":[{"embeddable":true,"href":"https:\/\/jarleheitmann.no\/index.php\/wp-json\/wp\/v2\/users\/2"}],"replies":[{"embeddable":true,"href":"https:\/\/jarleheitmann.no\/index.php\/wp-json\/wp\/v2\/comments?post=815"}],"version-history":[{"count":4,"href":"https:\/\/jarleheitmann.no\/index.php\/wp-json\/wp\/v2\/posts\/815\/revisions"}],"predecessor-version":[{"id":823,"href":"https:\/\/jarleheitmann.no\/index.php\/wp-json\/wp\/v2\/posts\/815\/revisions\/823"}],"wp:featuredmedia":[{"embeddable":true,"href":"https:\/\/jarleheitmann.no\/index.php\/wp-json\/wp\/v2\/media\/816"}],"wp:attachment":[{"href":"https:\/\/jarleheitmann.no\/index.php\/wp-json\/wp\/v2\/media?parent=815"}],"wp:term":[{"taxonomy":"category","embeddable":true,"href":"https:\/\/jarleheitmann.no\/index.php\/wp-json\/wp\/v2\/categories?post=815"},{"taxonomy":"post_tag","embeddable":true,"href":"https:\/\/jarleheitmann.no\/index.php\/wp-json\/wp\/v2\/tags?post=815"}],"curies":[{"name":"wp","href":"https:\/\/api.w.org\/{rel}","templated":true}]}}