{"id":729,"date":"2016-12-29T23:00:38","date_gmt":"2016-12-29T22:00:38","guid":{"rendered":"http:\/\/gladitromso.no\/?p=729"},"modified":"2016-12-30T13:02:02","modified_gmt":"2016-12-30T12:02:02","slug":"vi-er-blitt-for-sarbare","status":"publish","type":"post","link":"https:\/\/jarleheitmann.no\/index.php\/2016\/12\/29\/vi-er-blitt-for-sarbare\/","title":{"rendered":"Vi er blitt for s\u00e5rbare"},"content":{"rendered":"<figure id=\"attachment_730\" aria-describedby=\"caption-attachment-730\" style=\"width: 198px\" class=\"wp-caption alignleft\"><a href=\"https:\/\/i0.wp.com\/gladitromso.no\/wp-content\/uploads\/2016\/12\/itromso271216-frykter-for-liv-og-helse.jpg\"><img data-recalc-dims=\"1\" loading=\"lazy\" decoding=\"async\" data-attachment-id=\"730\" data-permalink=\"https:\/\/jarleheitmann.no\/index.php\/2016\/12\/29\/vi-er-blitt-for-sarbare\/itromso271216-frykter-for-liv-og-helse\/\" data-orig-file=\"https:\/\/i0.wp.com\/jarleheitmann.no\/wp-content\/uploads\/2016\/12\/itromso271216-frykter-for-liv-og-helse-e1483099077244.jpg?fit=250%2C379&amp;ssl=1\" data-orig-size=\"250,379\" data-comments-opened=\"1\" data-image-meta=\"{&quot;aperture&quot;:&quot;0&quot;,&quot;credit&quot;:&quot;&quot;,&quot;camera&quot;:&quot;&quot;,&quot;caption&quot;:&quot;&quot;,&quot;created_timestamp&quot;:&quot;0&quot;,&quot;copyright&quot;:&quot;&quot;,&quot;focal_length&quot;:&quot;0&quot;,&quot;iso&quot;:&quot;0&quot;,&quot;shutter_speed&quot;:&quot;0&quot;,&quot;title&quot;:&quot;&quot;,&quot;orientation&quot;:&quot;0&quot;}\" data-image-title=\"itromso271216-frykter-for-liv-og-helse\" data-image-description=\"\" data-image-caption=\"&lt;p&gt;Faksimile fra iTroms\u00f8 27.12.16&lt;\/p&gt;\n\" data-medium-file=\"https:\/\/i0.wp.com\/jarleheitmann.no\/wp-content\/uploads\/2016\/12\/itromso271216-frykter-for-liv-og-helse-e1483099077244.jpg?fit=198%2C300&amp;ssl=1\" data-large-file=\"https:\/\/i0.wp.com\/jarleheitmann.no\/wp-content\/uploads\/2016\/12\/itromso271216-frykter-for-liv-og-helse-e1483099077244.jpg?fit=676%2C1024&amp;ssl=1\" class=\"wp-image-730 size-medium\" src=\"https:\/\/i0.wp.com\/gladitromso.no\/wp-content\/uploads\/2016\/12\/itromso271216-frykter-for-liv-og-helse-198x300.jpg?resize=198%2C300\" alt=\"Faksimile fra iTroms\u00f8 27.12.16\" width=\"198\" height=\"300\" \/><\/a><figcaption id=\"caption-attachment-730\" class=\"wp-caption-text\">Faksimile fra iTroms\u00f8 27.12.16<\/figcaption><\/figure>\n<p>Denne jula opplevde innbyggerne i Lakselvbukt at mobilnettet ble borte i flere dager. Flere historier\u00a0viser at\u00a0vi er\u00a0blitt for s\u00e5rbare og m\u00e5 ta tak i dette i Troms\u00f8 kommune.<br \/>\n<!--more--><a href=\"http:\/\/www.itromso.no\/\" target=\"_blank\">iTroms\u00f8<\/a> har i en rekke artikler fortalt om hva som skjedde n\u00e5r mobilnettet i Lakselvbukt sviktet. Det f\u00f8rte bl.a. til at sykepleier Anne-Marie Isaksen fryktet for pasienters liv og helse. Til iTroms\u00f8 uttalte hun at \u2013<em> vi har mange som bor alene og som i verste fall kan bli alvorlig syke eller bli utsatt for en ulykke. Mange av dem har bare mobiltelefon, s\u00e5 n\u00e5r mobilnettet er nede, f\u00e5r de ikke ringt etter hjelp. Det kan i verste fall f\u00f8re til alvorlig skade eller tap av liv, forteller en fortvilet Isaksen til iTroms\u00f8<\/em>.<\/p>\n<p>Mange av de eldre i Troms\u00f8 kommune er ogs\u00e5 koplet opp med trygghetsalarmer som er basert p\u00e5 mobilnettet. N\u00e5r ikke dette nettet fungerer blir de isolert og n\u00e5r verken frem til legevakt eller p\u00e5r\u00f8rende. Det kan skape alvorlige situasjoner. I en annen artikkel leste vi om Wivian Helene Alfheim som opplevde en skrekknatt, da hun ble vekket av at mannen\u00a0sin som\u00a0hadde alvorlige hjerteproblemer.\u00a0 Da\u00a0hun ringte ambulanse via 113 kom hun ikke frem. Hennes kommunikasjon til \u00e5 f\u00e5 hjelp ble alts\u00e5 via Facebook mot Anne-Mari Isaksen, som deretter ordnet hjelp. I en tredje artikkel kom det frem at ogs\u00e5 n\u00e6ringslivet i Lakselvbukt og indre Ullsfjord f\u00e5r store problemer med slike forhold. \u00c5 kj\u00f8re en halvtime for \u00e5 varsle om eventuelle ulykker, er ikke holdbart i dagens kommunikasjonssamfunn.<\/p>\n<p><a href=\"http:\/\/www.itromso.no\/nyheter\/2016\/12\/26\/Frykter-for-liv-og-helse-13980590.ece\" target=\"_blank\">iTroms\u00f8 26.12.16: Frykter for liv og helse<\/a><br \/>\n<a href=\"http:\/\/www.itromso.no\/nyheter\/2016\/12\/27\/Opplevde-skrekknatt-da-mobilnettet-sviktet-13984765.ece\" target=\"_blank\">iTroms\u00f8 27.12.16: Opplevde skrekknatt da mobilnettet sviktet<\/a><br \/>\n<a href=\"http:\/\/www.itromso.no\/nyheter\/2016\/12\/27\/%E2%80%93-Vi-m%C3%A5-kj%C3%B8re-i-nesten-en-halvtime-for-%C3%A5-kunne-varsle-om-det-er-skjedd-en-ulykke-13985199.ece\" target=\"_blank\">iTroms\u00f8 27.12.16: Vi m\u00e5 kj\u00f8re nesten en halvtime for \u00e5 kunne varsle om det er skjedd en ulykke<\/a><\/p>\n<p>Jeg reagerer ogs\u00e5 p\u00e5 at flere opplever at Telenor ikke tar\u00a0disse problemene s\u00e5 seri\u00f8st som alvoret tilsa de b\u00f8r. At det tar flere dager \u00e5 rette opp det livsviktige mobilnettet er en ting. Men n\u00e5r det ogs\u00e5 gis sv\u00e6rt lite informasjon og man ikke f\u00e5r vite n\u00e5r man kan forvente en l\u00f8sning p\u00e5 problemet, s\u00e5 skj\u00f8nner jeg at det skapes frustrasjon.<\/p>\n<p>Vi er blitt for s\u00e5rbare n\u00e5r mobilnettet forsvinner \u2013 spesielt i distriktene hvor man ikke bare kan koble seg opp p\u00e5 en annen basestasjon.\u00a0Troms\u00f8 kommune kan\u00a0ikke ha det slik at trygghetsalarmer og n\u00f8dberedskapen blir sl\u00e5tt ut s\u00e5 fort mobilnettet forsvinner. Derfor m\u00e5 vi fra kommunens side n\u00e5 ta tak i dette, og fors\u00f8ke \u00e5 g\u00e5 i dialog med Telenor p\u00e5 hvordan vi hindrer situasjoner hvor det er fare for liv og helse. En stor organisasjon som Troms\u00f8 kommune m\u00e5 her engasjere seg, for kanskje \u00e5 f\u00e5 Telenor til \u00e5 lytte. Jeg blir derfor som formannskaps- og kommunestyremedlem \u00e5 ta tak i saken p\u00e5 bakgrunn av hva som har skjedd denne jula i Lakselvbukt<\/p>\n<p><a href=\"http:\/\/www.itromso.no\/pluss\/2016\/12\/28\/%E2%80%93-Vi-er-altfor-s%C3%A5rbare-13987160.ece\" target=\"_blank\">iTroms\u00f8 28.12.16: Vi er altfor s\u00e5rbare<\/a><\/p>\n<p>Jeg blir n\u00e5 \u00e5 ta opp saken i f\u00f8rste formannskapsm\u00f8te i 2017, ved \u00e5 sp\u00f8rre administrasjonssjefen om hvordan vi kan sikre oss mot \u00e5 forbli s\u00e5 s\u00e5rbare.<\/p>\n<blockquote><p><span style=\"text-decoration: underline;\">De konkrete sp\u00f8rsm\u00e5l jeg kommer til \u00e5 stille er:<\/span><br \/>\n<strong>1) Hvordan kan Troms\u00f8 kommune sikre en bedre dialog med Telenor n\u00e5r mobilnettet i ulike deler av kommunen blir liggende nede, slik at vi raskest mulig f\u00e5r rettet dette opp og at vi\u00a0f\u00e5r ut n\u00f8dvendig informasjon?<\/strong><br \/>\n<strong> 2) Kan Troms\u00f8 kommune\u00a0utvikle mulige back-up l\u00f8sninger som kan iverksettes ved slike kriser, som sikrer at det ikke oppst\u00e5r fare for liv og helse ?<\/strong><br \/>\n<strong> 3) Utviklingslagene\u00a0m\u00e5 v\u00e6re en\u00a0viktig brikke i beredskapen i sine distrikt. Hvordan kan vi best mulig\u00a0utnytte samarbeidet med utviklingslagene n\u00e5r mobilnettet svikter?<\/strong><\/p><\/blockquote>\n<p>N\u00e5r vi har funnet svarene p\u00e5 disse\u00a0sp\u00f8rsm\u00e5lene, vil neste runde v\u00e6re \u00e5 gj\u00f8re n\u00f8dvendige politiske vedtak i formannskap- og kommunestyret, som kan sikre at verken p\u00e5r\u00f8rende eller resten av befolkning i distriktene i Troms\u00f8 skal trenge \u00e5 oppleve &laquo;skrekknetter&raquo;. Som Rigmor Sj\u00e5berg i Lakselvbukt utviklingslag sa det til iTroms\u00f8, &#8211;<em> det er\u00a0greit at vi bor i distriktet, men vi kan ikke ha det slik, konstaterer en fortvilet Sj\u00e5berg<\/em>. <strong>Det har hun helt rett i!<\/strong><\/p>\n<p>Er vi\u00a0blitt\u00a0for s\u00e5rbare i dagens samfunn n\u00e5r mobilnettet svikter? Hva mener du?<strong><br \/>\n<\/strong><b>Bruk kommentar-feltet under \u2013 eller kommenter p\u00e5 <a href=\"http:\/\/www.facebook.com\/gladitromso\">Facebook-siden \u00abGlad i Troms\u00f8\u00bb<\/a><\/b><\/p>\n<p>&nbsp;<\/p>\n<p>&nbsp;<\/p>\n<p>&nbsp;<\/p>\n","protected":false},"excerpt":{"rendered":"<p>Denne jula opplevde innbyggerne i Lakselvbukt at mobilnettet ble borte i flere dager. Flere historier\u00a0viser at\u00a0vi er\u00a0blitt for s\u00e5rbare og m\u00e5 ta tak i dette i Troms\u00f8 kommune.<\/p>\n","protected":false},"author":2,"featured_media":730,"comment_status":"open","ping_status":"open","sticky":false,"template":"","format":"standard","meta":{"jetpack_post_was_ever_published":false,"_jetpack_newsletter_access":"","_jetpack_dont_email_post_to_subs":true,"_jetpack_newsletter_tier_id":0,"_jetpack_memberships_contains_paywalled_content":false,"_jetpack_memberships_contains_paid_content":false,"footnotes":"","jetpack_publicize_message":"","jetpack_publicize_feature_enabled":true,"jetpack_social_post_already_shared":true,"jetpack_social_options":{"image_generator_settings":{"template":"highway","default_image_id":0,"font":"","enabled":false},"version":2}},"categories":[252],"tags":[263,264,10,268,265,266,267,12],"class_list":["post-729","post","type-post","status-publish","format-standard","has-post-thumbnail","hentry","category-tromso-kommune","tag-beredskap","tag-distrikt","tag-formannskap","tag-lakselvbukt","tag-mobil","tag-mobilnett","tag-telenor","tag-tromso-kommune"],"jetpack_publicize_connections":[],"jetpack_featured_media_url":"https:\/\/i0.wp.com\/jarleheitmann.no\/wp-content\/uploads\/2016\/12\/itromso271216-frykter-for-liv-og-helse-e1483099077244.jpg?fit=250%2C379&ssl=1","jetpack_sharing_enabled":true,"jetpack_shortlink":"https:\/\/wp.me\/p6OCVj-bL","jetpack-related-posts":[],"_links":{"self":[{"href":"https:\/\/jarleheitmann.no\/index.php\/wp-json\/wp\/v2\/posts\/729","targetHints":{"allow":["GET"]}}],"collection":[{"href":"https:\/\/jarleheitmann.no\/index.php\/wp-json\/wp\/v2\/posts"}],"about":[{"href":"https:\/\/jarleheitmann.no\/index.php\/wp-json\/wp\/v2\/types\/post"}],"author":[{"embeddable":true,"href":"https:\/\/jarleheitmann.no\/index.php\/wp-json\/wp\/v2\/users\/2"}],"replies":[{"embeddable":true,"href":"https:\/\/jarleheitmann.no\/index.php\/wp-json\/wp\/v2\/comments?post=729"}],"version-history":[{"count":6,"href":"https:\/\/jarleheitmann.no\/index.php\/wp-json\/wp\/v2\/posts\/729\/revisions"}],"predecessor-version":[{"id":738,"href":"https:\/\/jarleheitmann.no\/index.php\/wp-json\/wp\/v2\/posts\/729\/revisions\/738"}],"wp:featuredmedia":[{"embeddable":true,"href":"https:\/\/jarleheitmann.no\/index.php\/wp-json\/wp\/v2\/media\/730"}],"wp:attachment":[{"href":"https:\/\/jarleheitmann.no\/index.php\/wp-json\/wp\/v2\/media?parent=729"}],"wp:term":[{"taxonomy":"category","embeddable":true,"href":"https:\/\/jarleheitmann.no\/index.php\/wp-json\/wp\/v2\/categories?post=729"},{"taxonomy":"post_tag","embeddable":true,"href":"https:\/\/jarleheitmann.no\/index.php\/wp-json\/wp\/v2\/tags?post=729"}],"curies":[{"name":"wp","href":"https:\/\/api.w.org\/{rel}","templated":true}]}}