{"id":713,"date":"2016-12-19T23:36:02","date_gmt":"2016-12-19T22:36:02","guid":{"rendered":"http:\/\/gladitromso.no\/index.php\/2016\/12\/19\/hva-kan-bli-bedre-i-sentrum\/"},"modified":"2016-12-19T23:36:06","modified_gmt":"2016-12-19T22:36:06","slug":"hva-kan-bli-bedre-i-sentrum","status":"publish","type":"post","link":"https:\/\/jarleheitmann.no\/index.php\/2016\/12\/19\/hva-kan-bli-bedre-i-sentrum\/","title":{"rendered":"Hva kan bli bedre i sentrum?"},"content":{"rendered":"<p><b><figure id=\"attachment_711\" aria-describedby=\"caption-attachment-711\" style=\"width: 483px\" class=\"wp-caption alignleft\"><a href=\"https:\/\/i0.wp.com\/gladitromso.no\/wp-content\/uploads\/2016\/12\/img_0309-1.jpg\"><img data-recalc-dims=\"1\" loading=\"lazy\" decoding=\"async\" data-attachment-id=\"711\" data-permalink=\"https:\/\/jarleheitmann.no\/img_0309-1\/\" data-orig-file=\"https:\/\/i0.wp.com\/jarleheitmann.no\/wp-content\/uploads\/2016\/12\/img_0309-1.jpg?fit=1890%2C1407&amp;ssl=1\" data-orig-size=\"1890,1407\" data-comments-opened=\"1\" data-image-meta=\"{&quot;aperture&quot;:&quot;0&quot;,&quot;credit&quot;:&quot;&quot;,&quot;camera&quot;:&quot;&quot;,&quot;caption&quot;:&quot;&quot;,&quot;created_timestamp&quot;:&quot;0&quot;,&quot;copyright&quot;:&quot;&quot;,&quot;focal_length&quot;:&quot;0&quot;,&quot;iso&quot;:&quot;0&quot;,&quot;shutter_speed&quot;:&quot;0&quot;,&quot;title&quot;:&quot;&quot;,&quot;orientation&quot;:&quot;0&quot;}\" data-image-title=\"img_0309-1\" data-image-description=\"\" data-image-caption=\"\" data-medium-file=\"https:\/\/i0.wp.com\/jarleheitmann.no\/wp-content\/uploads\/2016\/12\/img_0309-1.jpg?fit=300%2C223&amp;ssl=1\" data-large-file=\"https:\/\/i0.wp.com\/jarleheitmann.no\/wp-content\/uploads\/2016\/12\/img_0309-1.jpg?fit=1024%2C762&amp;ssl=1\" width=\"483\" height=\"360\" alt=\"\" src=\"https:\/\/i0.wp.com\/gladitromso.no\/wp-content\/uploads\/2016\/12\/img_0309-1.jpg?resize=483%2C360\" title=\"\" class=\"size-medium wp-image-711\" srcset=\"https:\/\/i0.wp.com\/jarleheitmann.no\/wp-content\/uploads\/2016\/12\/img_0309-1.jpg?w=1890&amp;ssl=1 1890w, https:\/\/i0.wp.com\/jarleheitmann.no\/wp-content\/uploads\/2016\/12\/img_0309-1.jpg?resize=300%2C223&amp;ssl=1 300w, https:\/\/i0.wp.com\/jarleheitmann.no\/wp-content\/uploads\/2016\/12\/img_0309-1.jpg?resize=768%2C572&amp;ssl=1 768w, https:\/\/i0.wp.com\/jarleheitmann.no\/wp-content\/uploads\/2016\/12\/img_0309-1.jpg?resize=1024%2C762&amp;ssl=1 1024w, https:\/\/i0.wp.com\/jarleheitmann.no\/wp-content\/uploads\/2016\/12\/img_0309-1.jpg?resize=750%2C558&amp;ssl=1 750w\" sizes=\"auto, (max-width: 483px) 100vw, 483px\" \/><\/a><figcaption id=\"caption-attachment-711\" class=\"wp-caption-text\">Stortorvet. Foto credit: Troms\u00f8 kommune<\/figcaption><\/figure>Troms\u00f8 kommune inng\u00e5r n\u00e5 et samarbeid for \u00e5 danne selskapet Troms\u00f8 Sentrum AS. Hva mener du m\u00e5 gj\u00f8res for \u00e5 oppgradere i sentrum?<\/b><\/p>\n<p>I formannskapet tirsdag behandles saken om at tre akt\u00f8rer n\u00e5 g\u00e5r sammen om \u00e5 danne selskapet \u2013 som alts\u00e5 f\u00e5r det selvforklarende navnet \u2013 Troms\u00f8 Sentrum AS.<\/p>\n<p><a href=\"http:\/\/postliste.tromso.kommune.no\/motedag?offmoteid=61368\">Her er saksliste og sakspapirer for formannskapsm\u00f8te 10.12.16<\/a><\/p>\n<p>Kommunen blir partner med Sentrumsforeningen i <a href=\"http:\/\/www.nftr.no\">N\u00e6ringsforeningen i Troms\u00f8-regionen<\/a>&nbsp;og&nbsp;<a href=\"http:\/\/www.nftr.no\/2015\/10\/tromso-gardeierforum-etablert\">Troms\u00f8 G\u00e5rdeierforum<\/a>. Sentrumsforeningen har i overkant av 100 medlemsbedrifter, i hovedsak knyttet til handel og uteliv. Troms\u00f8 G\u00e5rdeierforum ble etablert v\u00e5ren 2015. Form\u00e5let var \u00e5 skape et nettverk for inspirasjon, l\u00e6ring og utvikling for g\u00e5rdeiere i Troms\u00f8 sentrum. Hver av partene spytter inn 100.000 kroner i aksjekapital og skal ogs\u00e5 stille med driftskapital p\u00e5 1.000.000 i 2017 og i de tre \u00e5rene som forel\u00f8pig er avtalt.&nbsp;<\/p>\n<p>Det er utarbeidet en <a href=\"http:\/\/postliste.tromso.kommune.no\/application\/getDocument?filid=2058631.0\">forel\u00f8pig tiltaksliste for 2017<\/a>, som har en rekke tiltak innenfor tre hovedomr\u00e5der: (1) bedre organisering og kunnskapsgrunnlag (2) \u00f8ke attraktiviteten i Troms\u00f8 sentrum (3) bedre markedsf\u00f8ringen av Troms\u00f8 sentrum.<\/p>\n<p><a href=\"http:\/\/www.itromso.no\/pluss\/2016\/12\/15\/Nytt-aktivitetsselskap-skal-bl\u00e5se-liv-i-sentrum-13938530.ece\">iTroms\u00f8 15.12.16: Nytt aktivitetsselskap skal bl\u00e5se liv i sentrum<\/a><\/p>\n<p>Det er derfor store planer for utvikling av sentrum og vi la i investeringsbudsjettet for 2017-2010 inn oppgraderinger av Storgata og vi holder p\u00e5 med oppgradering av Kirkeparken. Sentrum er viktig for kommunen \u2013 b\u00e5de milj\u00f8messig, sosialt og \u00f8konomisk.&nbsp;<\/p>\n<p><b>Det er viktig \u00e5 f\u00e5 til et attraktivt sentrum. Hva mener du er det viktigste som n\u00e5 m\u00e5 gj\u00f8res for \u00e5 oppgradere sentrum av Troms\u00f8?<\/b><\/p>\n<p><b>Bruk kommentar-feltet under \u2013 eller kommenter p\u00e5 <a href=\"http:\/\/www.facebook.com\/gladitromso\">Facebook-siden \u00abGlad i Troms\u00f8\u00bb<\/a><\/b><\/p>\n","protected":false},"excerpt":{"rendered":"<p>Troms\u00f8 kommune inng\u00e5r n\u00e5 et samarbeid for \u00e5 danne selskapet Troms\u00f8 Sentrum AS. Hva mener du m\u00e5 gj\u00f8res for \u00e5 oppgradere i sentrum? I formannskapet tirsdag behandles saken om at [&hellip;]<\/p>\n","protected":false},"author":2,"featured_media":712,"comment_status":"open","ping_status":"open","sticky":false,"template":"","format":"standard","meta":{"jetpack_post_was_ever_published":false,"_jetpack_newsletter_access":"","_jetpack_dont_email_post_to_subs":true,"_jetpack_newsletter_tier_id":0,"_jetpack_memberships_contains_paywalled_content":false,"_jetpack_memberships_contains_paid_content":false,"footnotes":"","jetpack_publicize_message":"","jetpack_publicize_feature_enabled":true,"jetpack_social_post_already_shared":true,"jetpack_social_options":{"image_generator_settings":{"template":"highway","default_image_id":0,"font":"","enabled":false},"version":2}},"categories":[16],"tags":[84,249,250,251],"class_list":["post-713","post","type-post","status-publish","format-standard","has-post-thumbnail","hentry","category-formannskapet","tag-formannskapet","tag-sentrum","tag-storgata","tag-stortorvet"],"jetpack_publicize_connections":[],"jetpack_featured_media_url":"https:\/\/i0.wp.com\/jarleheitmann.no\/wp-content\/uploads\/2016\/12\/img_0309-2.jpg?fit=768%2C572&ssl=1","jetpack_sharing_enabled":true,"jetpack_shortlink":"https:\/\/wp.me\/p6OCVj-bv","jetpack-related-posts":[],"_links":{"self":[{"href":"https:\/\/jarleheitmann.no\/index.php\/wp-json\/wp\/v2\/posts\/713","targetHints":{"allow":["GET"]}}],"collection":[{"href":"https:\/\/jarleheitmann.no\/index.php\/wp-json\/wp\/v2\/posts"}],"about":[{"href":"https:\/\/jarleheitmann.no\/index.php\/wp-json\/wp\/v2\/types\/post"}],"author":[{"embeddable":true,"href":"https:\/\/jarleheitmann.no\/index.php\/wp-json\/wp\/v2\/users\/2"}],"replies":[{"embeddable":true,"href":"https:\/\/jarleheitmann.no\/index.php\/wp-json\/wp\/v2\/comments?post=713"}],"version-history":[{"count":1,"href":"https:\/\/jarleheitmann.no\/index.php\/wp-json\/wp\/v2\/posts\/713\/revisions"}],"predecessor-version":[{"id":714,"href":"https:\/\/jarleheitmann.no\/index.php\/wp-json\/wp\/v2\/posts\/713\/revisions\/714"}],"wp:featuredmedia":[{"embeddable":true,"href":"https:\/\/jarleheitmann.no\/index.php\/wp-json\/wp\/v2\/media\/712"}],"wp:attachment":[{"href":"https:\/\/jarleheitmann.no\/index.php\/wp-json\/wp\/v2\/media?parent=713"}],"wp:term":[{"taxonomy":"category","embeddable":true,"href":"https:\/\/jarleheitmann.no\/index.php\/wp-json\/wp\/v2\/categories?post=713"},{"taxonomy":"post_tag","embeddable":true,"href":"https:\/\/jarleheitmann.no\/index.php\/wp-json\/wp\/v2\/tags?post=713"}],"curies":[{"name":"wp","href":"https:\/\/api.w.org\/{rel}","templated":true}]}}