{"id":465,"date":"2016-11-11T14:28:16","date_gmt":"2016-11-11T13:28:16","guid":{"rendered":"http:\/\/gladitromso.no\/index.php\/2016\/11\/11\/ingvild-endestad-en-mangfoldig-by-der-alle-sjatteringer-av-regnbuen-far-plass\/"},"modified":"2016-11-11T15:39:01","modified_gmt":"2016-11-11T14:39:01","slug":"ingvild-endestad-en-mangfoldig-by-der-alle-sjatteringer-av-regnbuen-far-plass","status":"publish","type":"post","link":"https:\/\/jarleheitmann.no\/index.php\/2016\/11\/11\/ingvild-endestad-en-mangfoldig-by-der-alle-sjatteringer-av-regnbuen-far-plass\/","title":{"rendered":"Ingvild Endestad : en mangfoldig by der alle sjatteringer av regnbuen f\u00e5r plass"},"content":{"rendered":"<p>&nbsp;<\/p>\n<figure id=\"attachment_463\" aria-describedby=\"caption-attachment-463\" style=\"width: 296px\" class=\"wp-caption alignleft\"><a href=\"https:\/\/i0.wp.com\/gladitromso.no\/wp-content\/uploads\/2016\/11\/img_0289.jpg\"><img data-recalc-dims=\"1\" loading=\"lazy\" decoding=\"async\" data-attachment-id=\"463\" data-permalink=\"https:\/\/jarleheitmann.no\/index.php\/2016\/11\/11\/ingvild-endestad-en-mangfoldig-by-der-alle-sjatteringer-av-regnbuen-far-plass\/img_0289\/\" data-orig-file=\"https:\/\/i0.wp.com\/jarleheitmann.no\/wp-content\/uploads\/2016\/11\/img_0289.jpg?fit=962%2C974&amp;ssl=1\" data-orig-size=\"962,974\" data-comments-opened=\"1\" data-image-meta=\"{&quot;aperture&quot;:&quot;0&quot;,&quot;credit&quot;:&quot;&quot;,&quot;camera&quot;:&quot;&quot;,&quot;caption&quot;:&quot;&quot;,&quot;created_timestamp&quot;:&quot;0&quot;,&quot;copyright&quot;:&quot;&quot;,&quot;focal_length&quot;:&quot;0&quot;,&quot;iso&quot;:&quot;0&quot;,&quot;shutter_speed&quot;:&quot;0&quot;,&quot;title&quot;:&quot;&quot;,&quot;orientation&quot;:&quot;0&quot;}\" data-image-title=\"img_0289\" data-image-description=\"\" data-image-caption=\"\" data-medium-file=\"https:\/\/i0.wp.com\/jarleheitmann.no\/wp-content\/uploads\/2016\/11\/img_0289.jpg?fit=296%2C300&amp;ssl=1\" data-large-file=\"https:\/\/i0.wp.com\/jarleheitmann.no\/wp-content\/uploads\/2016\/11\/img_0289.jpg?fit=962%2C974&amp;ssl=1\" class=\"wp-image-463 size-medium\" src=\"https:\/\/i0.wp.com\/gladitromso.no\/wp-content\/uploads\/2016\/11\/img_0289-296x300.jpg?resize=296%2C300\" width=\"296\" height=\"300\" srcset=\"https:\/\/i0.wp.com\/jarleheitmann.no\/wp-content\/uploads\/2016\/11\/img_0289.jpg?resize=296%2C300&amp;ssl=1 296w, https:\/\/i0.wp.com\/jarleheitmann.no\/wp-content\/uploads\/2016\/11\/img_0289.jpg?resize=768%2C778&amp;ssl=1 768w, https:\/\/i0.wp.com\/jarleheitmann.no\/wp-content\/uploads\/2016\/11\/img_0289.jpg?resize=750%2C759&amp;ssl=1 750w, https:\/\/i0.wp.com\/jarleheitmann.no\/wp-content\/uploads\/2016\/11\/img_0289.jpg?w=962&amp;ssl=1 962w\" sizes=\"auto, (max-width: 296px) 100vw, 296px\" \/><\/a><figcaption id=\"caption-attachment-463\" class=\"wp-caption-text\">Ingvild Endestad &#8211; Leder FRI (Tidligere LLH) Foreningen for kj\u00f8nns- og seksualitetsmangfold.<\/figcaption><\/figure>\n<p>Mens byen venter p\u00e5 at sola skal snu og lysere dager skal komme tennes julelysene i Troms\u00f8 sentrum som en p\u00e5minning, midt oppi m\u00f8rketida, minusgrader og sludd om at det skal komme lysere tider.\u00a0<!--more--><\/p>\n<p>Og p\u00e5 l\u00f8rdag skal byen fylles av en fargesprakende parade som en pangavslutning p\u00e5 Arctic pride, verdens nordligste pride. Flere m\u00e5neder f\u00f8r solbollene er i butikkene, s\u00e5 tjuvstarter vi den lyse tiden. Med synlighet, farger og kunnskap skal fordommer og intoleranse drives bort. Fordi vi vet at dersom Troms\u00f8 skal bli en by for alle m\u00e5 den ta p\u00e5 alvor hele mangfoldet som finnes her.<\/p>\n<p>Skal vi f\u00e5 ungdommene v\u00e5re til \u00e5 bli i Troms\u00f8 trenger vi at de f\u00f8ler seg hjemme i byen. Selv har jeg g\u00e5tt p\u00e5 videreg\u00e5ende i Troms\u00f8 og var en av dem som valgte \u00e5 flytte. Begrunnelsen var at jeg hadde kommet inn p\u00e5 skole i hovedstaden. Jeg har ikke tenkt s\u00e5 mye p\u00e5 det siden da, men n\u00e5 som jeg skal tilbake for \u00e5 feire Arctic Pride sammen med resten av gjengen i FRI klarer jeg ikke fri meg helt fra tanken om at ting kanskje kunne v\u00e6rt annerledes om byen hadde hatt mer rom for annerledeshet.<\/p>\n<p><a href=\"http:\/\/www.aftenposten.no\/osloby\/Homokampen-er-ikke-bare-LHBT-eres-kamp-Den-er-alles--Intervju-med-Fri-leder-Ingvild-Endestad-449857b.html\" target=\"_blank\">Aftenposten 16.6.16: Homokampen er ikke bare LHBT-eres kamp. Den er alles!<\/a><br \/>\n<a href=\"https:\/\/www.nrk.no\/troms\/harstadkvinne-valgt-som-overste-leder-i-llh-1.12882905\" target=\"_blank\">NRK Troms 3.4.16: Harstadkvinne ny leder for transpersoner, lesbiske, homofile og bifile<\/a><\/p>\n<figure id=\"attachment_336\" aria-describedby=\"caption-attachment-336\" style=\"width: 187px\" class=\"wp-caption alignright\"><a href=\"https:\/\/i0.wp.com\/gladitromso.no\/wp-content\/uploads\/2016\/10\/computer.png\"><img data-recalc-dims=\"1\" loading=\"lazy\" decoding=\"async\" data-attachment-id=\"336\" data-permalink=\"https:\/\/jarleheitmann.no\/index.php\/2016\/10\/21\/glad-tromso-arild-hausberg\/computer\/\" data-orig-file=\"https:\/\/i0.wp.com\/jarleheitmann.no\/wp-content\/uploads\/2016\/10\/computer.png?fit=371%2C357&amp;ssl=1\" data-orig-size=\"371,357\" data-comments-opened=\"1\" data-image-meta=\"{&quot;aperture&quot;:&quot;0&quot;,&quot;credit&quot;:&quot;&quot;,&quot;camera&quot;:&quot;&quot;,&quot;caption&quot;:&quot;&quot;,&quot;created_timestamp&quot;:&quot;0&quot;,&quot;copyright&quot;:&quot;&quot;,&quot;focal_length&quot;:&quot;0&quot;,&quot;iso&quot;:&quot;0&quot;,&quot;shutter_speed&quot;:&quot;0&quot;,&quot;title&quot;:&quot;&quot;,&quot;orientation&quot;:&quot;0&quot;}\" data-image-title=\"computer\" data-image-description=\"\" data-image-caption=\"&lt;p&gt;Hver uke inviteres en gjesteblogger til &amp;laquo;Glad i Troms\u00f8&amp;raquo;.&lt;\/p&gt;\n\" data-medium-file=\"https:\/\/i0.wp.com\/jarleheitmann.no\/wp-content\/uploads\/2016\/10\/computer.png?fit=300%2C289&amp;ssl=1\" data-large-file=\"https:\/\/i0.wp.com\/jarleheitmann.no\/wp-content\/uploads\/2016\/10\/computer.png?fit=371%2C357&amp;ssl=1\" class=\"size-thumbnail wp-image-336\" title=\"\" src=\"https:\/\/i0.wp.com\/gladitromso.no\/wp-content\/uploads\/2016\/10\/computer.png?resize=187%2C180\" alt=\"\" width=\"187\" height=\"180\" srcset=\"https:\/\/i0.wp.com\/jarleheitmann.no\/wp-content\/uploads\/2016\/10\/computer.png?w=371&amp;ssl=1 371w, https:\/\/i0.wp.com\/jarleheitmann.no\/wp-content\/uploads\/2016\/10\/computer.png?resize=300%2C289&amp;ssl=1 300w\" sizes=\"auto, (max-width: 187px) 100vw, 187px\" \/><\/a><figcaption id=\"caption-attachment-336\" class=\"wp-caption-text\">Hver uke vil det v\u00e6re en gjesteblogger p\u00e5 Glad i Troms\u00f8, som normalt publiseres p\u00e5 fredager.<\/figcaption><\/figure>\n<p>Som mange andre skeive ungdommer var jeg ganske usynlig da jeg vokste opp. Jeg kan ikke huske en eneste gang vi leste historier om skeive i undervisninga eller at vi satt opp stykker med skeiv tematikk p\u00e5 dramalinja p\u00e5 Kongsbakken. Og fordi vi ikke ble snakka om s\u00e5 var det som om vi ikke helt fantes. Som \u201dbyen med stor B\u201d i nord var det mange ten\u00e5ringer i Troms\u00f8 som meg. Vi bodde p\u00e5 kalde hybler der budsjettet verken tillot at vi skrudde opp ovnen n\u00e5r vi fr\u00f8ys eller spiste noe annet enn nudler. Og som s\u00e5 mange ten\u00e5ringer som bodde langt vekk fra foreldre, ble de andre voksenpersonene veldig viktige for meg. L\u00e6reren p\u00e5 skolen, helses\u00f8stera, de ansatte p\u00e5 Tvibit n\u00e5r vi lagde hybelmiddag p\u00e5 torsdager \u2013 ja til og med de ansatte p\u00e5 Bl\u00e5 Rock der vi fikk billig \u00f8l p\u00e5 mandager ble p\u00e5 et vis voksenfigurer for oss. Som ung og p\u00e5 jakt etter tilh\u00f8righet, identitet og trygghet var det omgivelsene mine som fortalte meg hvem jeg kunne v\u00e6re. De ga meg r\u00e5d til hvordan jeg skulle st\u00e5 opp om morran, de trygga meg p\u00e5 at jeg kom til \u00e5 bli noe som voksen selv om jeg aldri klarte \u00e5 huske riktige b\u00f8ker til riktig time, og de ga meg velmente r\u00e5d om hvordan jeg kunne unng\u00e5 \u00e5 bli en del av klamydiastatistikken (selv om alle strengt tatt var litt stolt over \u00e5 bidra til den). N\u00e5r jeg tenker tilbake p\u00e5 tida i Troms\u00f8 husker jeg s\u00e5 mange voksenpersoner som var viktige for meg. Som fortalte meg at jeg kunne bli det jeg ville, som fora meg med mat og med veiledning. Dette var voksne som i den viktigste perioden av livet mitt hadde muligheten til \u00e5 fortelle meg at kj\u00e6rlighet kommer i ulike varianter, at kj\u00f8nn er mer enn mann og kvinne, at mennesker har like stor verdi helt uavhengig av hvem hjertet deres banker for. Men som ikke gjorde det. Jeg er helt overbevist om at dersom de hadde hatt kompetanse og trygghet til \u00e5 fortelle meg, eller i det hele tatt komme p\u00e5, at ungdommene de m\u00f8tte kunne v\u00e6re noe annet enn heterofile s\u00e5 hadde de snakka med oss om det og sagt at det var plass til oss ogs\u00e5.<\/p>\n<p><a href=\"https:\/\/i0.wp.com\/gladitromso.no\/wp-content\/uploads\/2016\/11\/img_0290.jpg\"><img data-recalc-dims=\"1\" loading=\"lazy\" decoding=\"async\" data-attachment-id=\"464\" data-permalink=\"https:\/\/jarleheitmann.no\/index.php\/2016\/11\/11\/ingvild-endestad-en-mangfoldig-by-der-alle-sjatteringer-av-regnbuen-far-plass\/img_0290\/\" data-orig-file=\"https:\/\/i0.wp.com\/jarleheitmann.no\/wp-content\/uploads\/2016\/11\/img_0290.jpg?fit=1364%2C1012&amp;ssl=1\" data-orig-size=\"1364,1012\" data-comments-opened=\"1\" data-image-meta=\"{&quot;aperture&quot;:&quot;0&quot;,&quot;credit&quot;:&quot;&quot;,&quot;camera&quot;:&quot;&quot;,&quot;caption&quot;:&quot;&quot;,&quot;created_timestamp&quot;:&quot;0&quot;,&quot;copyright&quot;:&quot;&quot;,&quot;focal_length&quot;:&quot;0&quot;,&quot;iso&quot;:&quot;0&quot;,&quot;shutter_speed&quot;:&quot;0&quot;,&quot;title&quot;:&quot;&quot;,&quot;orientation&quot;:&quot;0&quot;}\" data-image-title=\"img_0290\" data-image-description=\"\" data-image-caption=\"\" data-medium-file=\"https:\/\/i0.wp.com\/jarleheitmann.no\/wp-content\/uploads\/2016\/11\/img_0290.jpg?fit=300%2C223&amp;ssl=1\" data-large-file=\"https:\/\/i0.wp.com\/jarleheitmann.no\/wp-content\/uploads\/2016\/11\/img_0290.jpg?fit=1024%2C760&amp;ssl=1\" class=\"alignleft size-medium wp-image-464\" title=\"\" src=\"https:\/\/i0.wp.com\/gladitromso.no\/wp-content\/uploads\/2016\/11\/img_0290.jpg?resize=485%2C360\" alt=\"\" width=\"485\" height=\"360\" srcset=\"https:\/\/i0.wp.com\/jarleheitmann.no\/wp-content\/uploads\/2016\/11\/img_0290.jpg?w=1364&amp;ssl=1 1364w, https:\/\/i0.wp.com\/jarleheitmann.no\/wp-content\/uploads\/2016\/11\/img_0290.jpg?resize=300%2C223&amp;ssl=1 300w, https:\/\/i0.wp.com\/jarleheitmann.no\/wp-content\/uploads\/2016\/11\/img_0290.jpg?resize=768%2C570&amp;ssl=1 768w, https:\/\/i0.wp.com\/jarleheitmann.no\/wp-content\/uploads\/2016\/11\/img_0290.jpg?resize=1024%2C760&amp;ssl=1 1024w, https:\/\/i0.wp.com\/jarleheitmann.no\/wp-content\/uploads\/2016\/11\/img_0290.jpg?resize=750%2C556&amp;ssl=1 750w\" sizes=\"auto, (max-width: 485px) 100vw, 485px\" \/><\/a>I helga er jeg tilbake igjen for \u00e5 delta p\u00e5 <a href=\"http:\/\/www.arcticpride.no\/\" target=\"_blank\">Arctic pride.<\/a> Jeg skal veive med regnbueflagget for \u00e5 fortelle alle ungdommene at vi er flere, og at Troms\u00f8 er for oss alle. Jeg h\u00e5per at Troms\u00f8s befolkning deltar og st\u00f8tter opp om en mangfoldig by der alle sjatteringer av regnbuen f\u00e5r plass. Vi trenger en hovedstad i nord som s\u00f8rger for at skolen, helsetjenesten og fritidstilbudene har rom for familier og folk i alle varianter og har ansatte som har kompetanse til \u00e5 huske p\u00e5 \u00e5 fortelle dem det. Vi trenger en by som gir alle unge muligheten til \u00e5 f\u00e5 bli den de \u00f8nsker \u00e5 v\u00e6re, uansett hva de har mellom beina eller hvem hjertet deres banker for.<\/p>\n<p>November er ei ventetid i Troms\u00f8. Ei tid for \u00e5 vente p\u00e5 at sola skal snu og at dem som har reist skal komme hjem igjen til jul. Jeg h\u00e5per og tror at Troms\u00f8 ogs\u00e5 kan v\u00e6re den byen hvor alle mulige mennesker t\u00f8r \u00e5 bli igjen &#8211; som den de er, med dem de er glade i.<\/p>\n<p><strong><a href=\"http:\/\/www.facebook.com\/gladitromso\">Klikk her\u00a0for \u00e5 like \u00abGlad i Troms\u00f8\u00bb p\u00e5 Facebook \u2013\u00a0f\u00e5 oppdateringer p\u00e5\u00a0nye bloggposter\u00a0og nyheter om Troms\u00f8 og Troms\u00f8-politikken.<\/a><\/strong><\/p>\n","protected":false},"excerpt":{"rendered":"<p>&nbsp; Mens byen venter p\u00e5 at sola skal snu og lysere dager skal komme tennes julelysene i Troms\u00f8 sentrum som en p\u00e5minning, midt oppi m\u00f8rketida, minusgrader og sludd om at [&hellip;]<\/p>\n","protected":false},"author":2,"featured_media":466,"comment_status":"open","ping_status":"open","sticky":false,"template":"","format":"standard","meta":{"jetpack_post_was_ever_published":false,"_jetpack_newsletter_access":"","_jetpack_dont_email_post_to_subs":true,"_jetpack_newsletter_tier_id":0,"_jetpack_memberships_contains_paywalled_content":false,"_jetpack_memberships_contains_paid_content":false,"footnotes":"","jetpack_publicize_message":"","jetpack_publicize_feature_enabled":true,"jetpack_social_post_already_shared":true,"jetpack_social_options":{"image_generator_settings":{"template":"highway","default_image_id":0,"font":"","enabled":false},"version":2}},"categories":[110,1],"tags":[158,157,159,160,161],"class_list":["post-465","post","type-post","status-publish","format-standard","has-post-thumbnail","hentry","category-gjesteblogger","category-uncategorized","tag-blogger","tag-gjesteblogg","tag-pride","tag-pride-tromso","tag-regnbue"],"jetpack_publicize_connections":[],"jetpack_featured_media_url":"https:\/\/i0.wp.com\/jarleheitmann.no\/wp-content\/uploads\/2016\/11\/img_0289-1.jpg?fit=768%2C778&ssl=1","jetpack_sharing_enabled":true,"jetpack_shortlink":"https:\/\/wp.me\/p6OCVj-7v","jetpack-related-posts":[],"_links":{"self":[{"href":"https:\/\/jarleheitmann.no\/index.php\/wp-json\/wp\/v2\/posts\/465","targetHints":{"allow":["GET"]}}],"collection":[{"href":"https:\/\/jarleheitmann.no\/index.php\/wp-json\/wp\/v2\/posts"}],"about":[{"href":"https:\/\/jarleheitmann.no\/index.php\/wp-json\/wp\/v2\/types\/post"}],"author":[{"embeddable":true,"href":"https:\/\/jarleheitmann.no\/index.php\/wp-json\/wp\/v2\/users\/2"}],"replies":[{"embeddable":true,"href":"https:\/\/jarleheitmann.no\/index.php\/wp-json\/wp\/v2\/comments?post=465"}],"version-history":[{"count":12,"href":"https:\/\/jarleheitmann.no\/index.php\/wp-json\/wp\/v2\/posts\/465\/revisions"}],"predecessor-version":[{"id":478,"href":"https:\/\/jarleheitmann.no\/index.php\/wp-json\/wp\/v2\/posts\/465\/revisions\/478"}],"wp:featuredmedia":[{"embeddable":true,"href":"https:\/\/jarleheitmann.no\/index.php\/wp-json\/wp\/v2\/media\/466"}],"wp:attachment":[{"href":"https:\/\/jarleheitmann.no\/index.php\/wp-json\/wp\/v2\/media?parent=465"}],"wp:term":[{"taxonomy":"category","embeddable":true,"href":"https:\/\/jarleheitmann.no\/index.php\/wp-json\/wp\/v2\/categories?post=465"},{"taxonomy":"post_tag","embeddable":true,"href":"https:\/\/jarleheitmann.no\/index.php\/wp-json\/wp\/v2\/tags?post=465"}],"curies":[{"name":"wp","href":"https:\/\/api.w.org\/{rel}","templated":true}]}}