{"id":3228,"date":"2025-03-20T14:33:49","date_gmt":"2025-03-20T13:33:49","guid":{"rendered":"https:\/\/jarleheitmann.no\/?p=3228"},"modified":"2025-03-20T14:37:12","modified_gmt":"2025-03-20T13:37:12","slug":"fra-eu-skeptiker-til-eu-tilhenger-norge-ma-ta-ansvar-for-egen-fremtid","status":"publish","type":"post","link":"https:\/\/jarleheitmann.no\/index.php\/2025\/03\/20\/fra-eu-skeptiker-til-eu-tilhenger-norge-ma-ta-ansvar-for-egen-fremtid\/","title":{"rendered":"Fra EU-skeptiker til EU-tilhenger: Norge m\u00e5 ta ansvar for egen fremtid"},"content":{"rendered":"<div class=\"wp-block-image\">\n<figure class=\"alignleft size-large is-resized\"><a href=\"https:\/\/i0.wp.com\/jarleheitmann.no\/wp-content\/uploads\/2025\/03\/Velkommen-til-Europabevegelsen.png?ssl=1\"><img data-recalc-dims=\"1\" loading=\"lazy\" decoding=\"async\" width=\"944\" height=\"1024\" data-attachment-id=\"3229\" data-permalink=\"https:\/\/jarleheitmann.no\/index.php\/2025\/03\/20\/fra-eu-skeptiker-til-eu-tilhenger-norge-ma-ta-ansvar-for-egen-fremtid\/velkommen-til-europabevegelsen\/\" data-orig-file=\"https:\/\/i0.wp.com\/jarleheitmann.no\/wp-content\/uploads\/2025\/03\/Velkommen-til-Europabevegelsen.png?fit=1968%2C2134&amp;ssl=1\" data-orig-size=\"1968,2134\" data-comments-opened=\"1\" data-image-meta=\"{&quot;aperture&quot;:&quot;0&quot;,&quot;credit&quot;:&quot;&quot;,&quot;camera&quot;:&quot;&quot;,&quot;caption&quot;:&quot;&quot;,&quot;created_timestamp&quot;:&quot;0&quot;,&quot;copyright&quot;:&quot;&quot;,&quot;focal_length&quot;:&quot;0&quot;,&quot;iso&quot;:&quot;0&quot;,&quot;shutter_speed&quot;:&quot;0&quot;,&quot;title&quot;:&quot;&quot;,&quot;orientation&quot;:&quot;0&quot;}\" data-image-title=\"Velkommen til Europabevegelsen\" data-image-description=\"\" data-image-caption=\"&lt;p&gt;I dag meldte jeg meg inn i Europabevegelsen&lt;\/p&gt;\n\" data-medium-file=\"https:\/\/i0.wp.com\/jarleheitmann.no\/wp-content\/uploads\/2025\/03\/Velkommen-til-Europabevegelsen.png?fit=277%2C300&amp;ssl=1\" data-large-file=\"https:\/\/i0.wp.com\/jarleheitmann.no\/wp-content\/uploads\/2025\/03\/Velkommen-til-Europabevegelsen.png?fit=944%2C1024&amp;ssl=1\" src=\"https:\/\/i0.wp.com\/jarleheitmann.no\/wp-content\/uploads\/2025\/03\/Velkommen-til-Europabevegelsen-944x1024.png?resize=944%2C1024&#038;ssl=1\" alt=\"\" class=\"wp-image-3229\" style=\"width:408px;height:auto\" srcset=\"https:\/\/i0.wp.com\/jarleheitmann.no\/wp-content\/uploads\/2025\/03\/Velkommen-til-Europabevegelsen.png?resize=944%2C1024&amp;ssl=1 944w, https:\/\/i0.wp.com\/jarleheitmann.no\/wp-content\/uploads\/2025\/03\/Velkommen-til-Europabevegelsen.png?resize=277%2C300&amp;ssl=1 277w, https:\/\/i0.wp.com\/jarleheitmann.no\/wp-content\/uploads\/2025\/03\/Velkommen-til-Europabevegelsen.png?resize=768%2C833&amp;ssl=1 768w, https:\/\/i0.wp.com\/jarleheitmann.no\/wp-content\/uploads\/2025\/03\/Velkommen-til-Europabevegelsen.png?resize=1417%2C1536&amp;ssl=1 1417w, https:\/\/i0.wp.com\/jarleheitmann.no\/wp-content\/uploads\/2025\/03\/Velkommen-til-Europabevegelsen.png?resize=1889%2C2048&amp;ssl=1 1889w, https:\/\/i0.wp.com\/jarleheitmann.no\/wp-content\/uploads\/2025\/03\/Velkommen-til-Europabevegelsen.png?resize=750%2C813&amp;ssl=1 750w, https:\/\/i0.wp.com\/jarleheitmann.no\/wp-content\/uploads\/2025\/03\/Velkommen-til-Europabevegelsen.png?w=1968&amp;ssl=1 1968w\" sizes=\"auto, (max-width: 944px) 100vw, 944px\" \/><\/a><figcaption class=\"wp-element-caption\"><strong>Da har jeg meldt meg inn i Europabevegelsen og lover \u00e5 jobbe aktivt for at Norge blir en del av EU<\/strong>.<\/figcaption><\/figure>\n<\/div>\n\n\n<p>I 1994 stemte jeg nei til EU. Som mange andre var jeg skeptisk til \u00e5 avgi suverenitet til Brussel og mente at Norge sto seg best med sin egen r\u00e5derett over naturressurser, \u00f8konomi og politikk. Den skepsisen har v\u00e6rt med meg i over 30 \u00e5r. Men verden har forandret seg radikalt p\u00e5 kort tid, og det er p\u00e5 tide at vi erkjenner realitetene: Norge kan ikke lenger st\u00e5 p\u00e5 utsiden og tro at vi kan beskytte v\u00e5re interesser best alene.<\/p>\n\n\n\n<h2 class=\"wp-block-heading\">En endret verdensorden<\/h2>\n\n\n\n<p>Russlands brutale invasjon av Ukraina har vist hvor s\u00e5rbare vi er i et Europa hvor stormaktene igjen utfordrer grenser og suverenitet. Samtidig ser vi at de transatlantiske alliansene, som Norge har stolt p\u00e5 siden andre verdenskrig, er i ferd med \u00e5 forvitre. Med Donald Trump tilbake i Det hvite hus kan vi ikke lenger stole p\u00e5 at USA vil v\u00e6re en garantist for v\u00e5r sikkerhet. Vi ser allerede hvordan NATO svekkes av interne stridigheter og usikkerhet rundt USAs forpliktelser.<br><br>I denne nye verdensordenen risikerer Norge \u00e5 bli en kasteball mellom tre stormakter: USA, Russland og Kina. Vi kan ikke forvente at noen andre skal ta vare p\u00e5 v\u00e5re interesser. Det er p\u00e5 tide \u00e5 ta ansvar selv og styrke v\u00e5r plass i fellesskapet vi naturlig h\u00f8rer hjemme i: Europa.<\/p>\n\n\n\n<p>Jeg merker ogs\u00e5 at denne usikre utviklingen har gjort meg sv\u00e6rt urolig for mine tre barns fremtid. Hva slags verden vokser de opp i? Hvordan sikrer vi at de f\u00e5r en trygg fremtid i et stabilt og sterkt Europa? Jeg kan ikke lenger st\u00e5 p\u00e5 sidelinjen og se p\u00e5 \u2013 jeg m\u00e5 handle for deres skyld.<\/p>\n\n\n\n<h2 class=\"wp-block-heading\">Europa m\u00e5 ta ansvar for egen sikkerhet<\/h2>\n\n\n\n<p>NATO har lenge v\u00e6rt grunnsteinen i norsk forsvarspolitikk, men vi ser at Europa n\u00e5 m\u00e5 ta en st\u00f8rre rolle i sitt eget sikkerhets- og forsvarssamarbeid. EU har allerede startet prosessen med \u00e5 utvikle en felles sikkerhetspolitikk, og initiativer som EUs forsvarssamarbeid (PESCO) viser at vi kan oppn\u00e5 mer sammen enn alene. Norge, som i dag er en passiv tilskuer til disse avgj\u00f8relsene, m\u00e5 v\u00e6re en aktiv deltaker og bidra til \u00e5 forme Europas fremtidige forsvarspolitikk<\/p>\n\n\n\n<h2 class=\"wp-block-heading\">N\u00e5 er det politisk lederskap som trengs<\/h2>\n\n\n\n<p>Jeg har v\u00e6rt medlem av Arbeiderpartiet i over 30 \u00e5r. Norge har i lang tid hatt et politisk lederskap som har v\u00e6rt mer opptatt av hva som er taktisk klokt frem mot neste valg enn \u00e5 ta de lange og tunge beslutningene for Norges fremtid. EU-sp\u00f8rsm\u00e5let er ett av de mest avgj\u00f8rende for Norges sikkerhet, \u00f8konomi og politiske stabilitet. N\u00e5 er det p\u00e5 tide at Arbeiderpartiet og H\u00f8yre setter taktiske hensyn til side og gj\u00f8r det som er riktig for Norge og befolkning<\/p>\n\n\n\n<h2 class=\"wp-block-heading\">En hel generasjon har aldri f\u00e5tt sagt sin mening<\/h2>\n\n\n\n<p>Det er n\u00e5 30 \u00e5r siden sist Norge stemte over EU-medlemskap. En hel generasjon nordmenn er f\u00f8dt etter 1994, og de har aldri f\u00e5tt si sin mening. De lever i en globalisert verden, hvor norske bedrifter, forskningsinstitusjoner og arbeidsmarked allerede er tett knyttet til EU gjennom E\u00d8S-avtalen. Likevel har de ingen reell politisk innflytelse over regelverket vi er bundet av<\/p>\n\n\n\n<p>Vi kan ikke lenger late som om E\u00d8S-avtalen er en permanent l\u00f8sning. Enten m\u00e5 vi g\u00e5 inn i EU og f\u00e5 en stemme ved bordet, eller s\u00e5 m\u00e5 vi ta de konsekvensene som kommer av \u00e5 st\u00e5 alene. Debatten m\u00e5 starte n\u00e5, og vi m\u00e5 sette et tidspunkt for en ny folkeavstemning.<\/p>\n\n\n\n<h2 class=\"wp-block-heading\">Jeg melder meg inn i Europabevegelsen<\/h2>\n\n\n\n<p>For meg er dette ikke bare en debatt om politikk \u2013 det handler om Norges fremtid. Derfor melder jeg meg inn i Europabevegelsen og lover \u00e5 jobbe aktivt for at Norge blir en del av EU. Vi kan ikke lenger st\u00e5 p\u00e5 utsiden og h\u00e5pe at andre tar beslutningene for oss. Vi m\u00e5 ta ansvar og sikre v\u00e5r egen trygghet, v\u00e5r \u00f8konomi og v\u00e5r politiske innflytelse i Europa.<\/p>\n\n\n\n<p><strong>Norge m\u00e5 si ja til EU. Ikke for \u00e5 gi fra oss makt, men for \u00e5 sikre at vi har makt over v\u00e5r egen fremtid.<\/strong><\/p>\n\n\n\n<p>***<br><br><a href=\"https:\/\/www.nordnorskdebatt.no\/fra-eu-skeptiker-til-eu-tilhenger-norge-ma-ta-ansvar-for-egen-fremtid\/o\/5-124-356198\">Innlegget er ogs\u00e5 publisert p\u00e5 Nord-Norsk debatt (Nordlys) 20.3.25<\/a><\/p>\n","protected":false},"excerpt":{"rendered":"<p>I 1994 stemte jeg nei til EU. Som mange andre var jeg skeptisk til \u00e5 avgi suverenitet til Brussel og mente at Norge sto seg best med sin egen r\u00e5derett [&hellip;]<\/p>\n","protected":false},"author":2,"featured_media":3229,"comment_status":"open","ping_status":"open","sticky":false,"template":"","format":"standard","meta":{"jetpack_post_was_ever_published":false,"_jetpack_newsletter_access":"","_jetpack_dont_email_post_to_subs":false,"_jetpack_newsletter_tier_id":0,"_jetpack_memberships_contains_paywalled_content":false,"_jetpack_memberships_contains_paid_content":false,"footnotes":"","jetpack_publicize_message":"","jetpack_publicize_feature_enabled":true,"jetpack_social_post_already_shared":true,"jetpack_social_options":{"image_generator_settings":{"template":"highway","default_image_id":0,"font":"","enabled":false},"version":2}},"categories":[1142],"tags":[892,1140,1139,1141,1137],"class_list":["post-3228","post","type-post","status-publish","format-standard","has-post-thumbnail","hentry","category-europa-og-eu","tag-eu","tag-europa","tag-forsvar","tag-nato","tag-sikkerhet"],"jetpack_publicize_connections":[],"jetpack_featured_media_url":"https:\/\/i0.wp.com\/jarleheitmann.no\/wp-content\/uploads\/2025\/03\/Velkommen-til-Europabevegelsen.png?fit=1968%2C2134&ssl=1","jetpack_sharing_enabled":true,"jetpack_shortlink":"https:\/\/wp.me\/p6OCVj-Q4","jetpack-related-posts":[],"_links":{"self":[{"href":"https:\/\/jarleheitmann.no\/index.php\/wp-json\/wp\/v2\/posts\/3228","targetHints":{"allow":["GET"]}}],"collection":[{"href":"https:\/\/jarleheitmann.no\/index.php\/wp-json\/wp\/v2\/posts"}],"about":[{"href":"https:\/\/jarleheitmann.no\/index.php\/wp-json\/wp\/v2\/types\/post"}],"author":[{"embeddable":true,"href":"https:\/\/jarleheitmann.no\/index.php\/wp-json\/wp\/v2\/users\/2"}],"replies":[{"embeddable":true,"href":"https:\/\/jarleheitmann.no\/index.php\/wp-json\/wp\/v2\/comments?post=3228"}],"version-history":[{"count":2,"href":"https:\/\/jarleheitmann.no\/index.php\/wp-json\/wp\/v2\/posts\/3228\/revisions"}],"predecessor-version":[{"id":3232,"href":"https:\/\/jarleheitmann.no\/index.php\/wp-json\/wp\/v2\/posts\/3228\/revisions\/3232"}],"wp:featuredmedia":[{"embeddable":true,"href":"https:\/\/jarleheitmann.no\/index.php\/wp-json\/wp\/v2\/media\/3229"}],"wp:attachment":[{"href":"https:\/\/jarleheitmann.no\/index.php\/wp-json\/wp\/v2\/media?parent=3228"}],"wp:term":[{"taxonomy":"category","embeddable":true,"href":"https:\/\/jarleheitmann.no\/index.php\/wp-json\/wp\/v2\/categories?post=3228"},{"taxonomy":"post_tag","embeddable":true,"href":"https:\/\/jarleheitmann.no\/index.php\/wp-json\/wp\/v2\/tags?post=3228"}],"curies":[{"name":"wp","href":"https:\/\/api.w.org\/{rel}","templated":true}]}}