{"id":2646,"date":"2021-03-14T18:08:35","date_gmt":"2021-03-14T17:08:35","guid":{"rendered":"http:\/\/jarleheitmann.no\/?p=2646"},"modified":"2021-03-14T18:10:54","modified_gmt":"2021-03-14T17:10:54","slug":"bedre-utnyttelse-av-stortorget-i-tromso","status":"publish","type":"post","link":"https:\/\/jarleheitmann.no\/index.php\/2021\/03\/14\/bedre-utnyttelse-av-stortorget-i-tromso\/","title":{"rendered":"Bedre utnyttelse av Stortorget i Troms\u00f8"},"content":{"rendered":"\n<div class=\"wp-block-image\"><figure class=\"alignright size-large is-resized\"><img data-recalc-dims=\"1\" loading=\"lazy\" decoding=\"async\" data-attachment-id=\"2647\" data-permalink=\"https:\/\/jarleheitmann.no\/index.php\/2021\/03\/14\/bedre-utnyttelse-av-stortorget-i-tromso\/fangst-og-fiskeri\/\" data-orig-file=\"https:\/\/i0.wp.com\/jarleheitmann.no\/wp-content\/uploads\/2021\/03\/Fangst-og-fiskeri.png?fit=330%2C465&amp;ssl=1\" data-orig-size=\"330,465\" data-comments-opened=\"1\" data-image-meta=\"{&quot;aperture&quot;:&quot;0&quot;,&quot;credit&quot;:&quot;&quot;,&quot;camera&quot;:&quot;&quot;,&quot;caption&quot;:&quot;&quot;,&quot;created_timestamp&quot;:&quot;0&quot;,&quot;copyright&quot;:&quot;&quot;,&quot;focal_length&quot;:&quot;0&quot;,&quot;iso&quot;:&quot;0&quot;,&quot;shutter_speed&quot;:&quot;0&quot;,&quot;title&quot;:&quot;&quot;,&quot;orientation&quot;:&quot;0&quot;}\" data-image-title=\"Fangst-og-fiskeri\" data-image-description=\"\" data-image-caption=\"\" data-medium-file=\"https:\/\/i0.wp.com\/jarleheitmann.no\/wp-content\/uploads\/2021\/03\/Fangst-og-fiskeri.png?fit=213%2C300&amp;ssl=1\" data-large-file=\"https:\/\/i0.wp.com\/jarleheitmann.no\/wp-content\/uploads\/2021\/03\/Fangst-og-fiskeri.png?fit=330%2C465&amp;ssl=1\" src=\"https:\/\/i0.wp.com\/jarleheitmann.no\/wp-content\/uploads\/2021\/03\/Fangst-og-fiskeri.png?resize=263%2C370&#038;ssl=1\" alt=\"\" class=\"wp-image-2647\" width=\"263\" height=\"370\" srcset=\"https:\/\/i0.wp.com\/jarleheitmann.no\/wp-content\/uploads\/2021\/03\/Fangst-og-fiskeri.png?w=330&amp;ssl=1 330w, https:\/\/i0.wp.com\/jarleheitmann.no\/wp-content\/uploads\/2021\/03\/Fangst-og-fiskeri.png?resize=213%2C300&amp;ssl=1 213w\" sizes=\"auto, (max-width: 263px) 100vw, 263px\" \/><\/figure><\/div>\n\n\n\n<p>Stortorget i Troms\u00f8 er en viktig m\u00f8teplass, som brukes til salg, messer, marked og ikke minst festivaler. Det er viktig at Troms\u00f8 kommune stadig ser p\u00e5 hvordan vi kan skape enda bedre rammer for \u00e5 utnytte dette sentrale byrommet til disse form\u00e5lene.<\/p>\n\n\n\n<p>En problemstilling flere av brukerne av torget forteller om, er problemet med \u00e5 utnytte hele omr\u00e5det optimalt. Dette skyldes plasseringen til det flotte \u00abfangst- og fiskeri-monumentet\u00bb, som ble plassert p\u00e5 torget i 1984. Slik statuen st\u00e5r der i dag, kan ikke st\u00f8rre scener plasseres best mulig p\u00e5 torget, og statuen m\u00e5 n\u00e6rmest bygges inn i selve scenen. Dersom statuen flyttes, vil det v\u00e6re et helt \u00e5pent torg, som gj\u00f8r at scene i st\u00f8rre grad kan sentreres og ogs\u00e5 trekkes ned mot Torghuken.<\/p>\n\n\n\n<p>iTroms\u00f8 14.3.21: <a href=\"https:\/\/www.itromso.no\/pluss\/eksklusiv\/2021\/03\/14\/N%C3%A5-skal-flytting-av-Fiske-og-fangstmonumentet-opp-til-politisk-behandling-%E2%80%93-Jeg-forst%C3%A5r-om-det-kan-bli-motstand-23649111.ece\">N\u00e5 skal flytting av Fiske- og fangstmonumentet opp til politisk behandling: \u2013 Jeg forst\u00e5r om det kan bli motstand &#8211; itromso.no<\/a><\/p>\n\n\n\n<p>P\u00e5 denne m\u00e5ten vil Stortorget og omr\u00e5dene rundt blitt utnyttet p\u00e5 en mye bedre m\u00e5te og festivaler som dagens Troms\u00f8 internasjonale filmfestival og musikkfestivalen Rakettnett, vil kunne f\u00e5 inn flere publikummere. For de store publikumsfestivalene ville dette bety 1.500 \u2013 2.500 flere publikummere inn p\u00e5 torgomr\u00e5det enn tilfellet er i dag. Dette skaper et potensial som utvikler Stortorget til \u00e5 bli p\u00e5 samme st\u00f8rrelse som f.eks. Parken i Bod\u00f8, som tar 8000 \u2013 9000 publikummere. Dette er viktig for \u00e5 skape mer b\u00e6rekraftige kulturakt\u00f8rer.<br>Troms\u00f8 vil ogs\u00e5 bli mer attraktiv som utend\u00f8rs konsertscene, slik at vi kan tiltrekke oss flere artister og arrangementer som f.eks. VG lista live. Vi vil ogs\u00e5 blir enda mer attraktive for event-bransjen, som var i sterk \u00f8kning f\u00f8r corona-epidemien og som raskt kan komme i gang etter at situasjonen i samfunnet er mer normalisert.<br><br>Forutsetningen for en flytting av fiske- og fangstmonumentet, er at statuen faktisk kan komme enda bedre til sin rett ved en ny sentral plassering, som b\u00f8r v\u00e6re n\u00e6rmere sj\u00f8 og havn enn i dag. P\u00e5 denne m\u00e5ten kan monumentet settes i en ramme som viser et viktig symbol for Troms\u00f8 enda mer respekt.<\/p>\n\n\n\n<p>Kostnadene for en eventuell flytteprosess og ny plassering for monumentet m\u00e5 derfor utredes videre av kommunedirekt\u00f8ren, f\u00f8r kommunestyret endelig bestemmer en eventuell flytting.<\/p>\n\n\n\n<p>Bladet Nordlys 3.7.21: <a href=\"https:\/\/www.nordlys.no\/her-har-monumentet-statt-siden-1984-na-foreslar-de-flytting\/s\/5-34-1323755\">Byutvikling, Troms\u00f8 sentrum | Her har monumentet st\u00e5tt siden 1984. N\u00e5 foresl\u00e5r de flytting (nordlys.no)<\/a><\/p>\n\n\n\n<p>Sammen med Ap-kollega Tone M. Myklevoll (som er leder av kommune- og byutviklingsutvalget), har jeg fremmet dette som et representantforslag for behandling i kommunestyret med denne begrunnelsen og f\u00f8lende forslag til vedtak:<br><br><strong>1. Kommunestyret i Troms\u00f8 ber kommunedirekt\u00f8ren utrede flytting av fiske- og fangstmonumentet p\u00e5 Stortorget.<\/strong><\/p>\n\n\n\n<p><strong>2. Utredningen m\u00e5 inneholde en n\u00e6rmere vurdering over fordeler og ulemper med en slik flytting, overslag over kostnader og forslag til ny plassering av monumentet.<\/strong><\/p>\n\n\n\n<p><strong>3. Kommunestyret \u00f8nsker en sak tilbake senest juni 2021.<\/strong><\/p>\n\n\n\n<p><strong>De motargumentene vi m\u00f8ter mest n\u00e5 er:<\/strong><br>(a) <em>det er en h\u00e5n mot kunster, monument og fiske og fangsfolkene som har bygd opp Troms\u00f8<\/em>.<br>Kommentar: Kunsteren selv \u00f8nsket faktisk at det skulle v\u00e6re mer vann og sj\u00f8 rundt monumentet, og vi mener det vil komme enda mer til sin rett enda n\u00e6rmere sj\u00f8 og havn, hvor faktisk fangstfolkene dro ut i fra. I dag st\u00e5r den bl.a. p\u00e5 vinteren litt uverdig alene p\u00e5 Stortorget, og hvor ofte sn\u00f8hauger br\u00f8ytes inn til statuen. <br>Vi skal heller ikke rive statuen, men vi skal flytte det slik at monumentet kommer enda bedre til sin rett. Det skal ikke \u00f8delegges.<br><br>b) <em>det kommer til \u00e5 koste enormt og g\u00e5r ut over skole og helse- og omsorg. Eller det kan dem bruke penger til!<\/em><br>Kommentar: Vi skal utrede det skikkelig hva det vil koste, f\u00f8r vi vedtar \u00e5 flytte det. Samtidig kan det rasjt v\u00e6re en god investering rent \u00f8konomisk, fordi det er jo slik at vi faktisk leier ut torget i dag. Med 1.500 &#8211; 2.500 flere publikummere kan vi ta mer i leie = mer inntekter. Vi vil ogs\u00e5 bli mer attraktive og konserter\/arrangementer som i dag drar forbi Troms\u00f8 eller aldri er aktuelle, vil med mer publikumskapasitet vil (som parken i Bod\u00f8), komme til oss og dermed generere inntekter. S\u00e5 en flytting vil ogs\u00e5 v\u00e6re en investering p\u00e5 p\u00e5 lengre sikt vil tjene p\u00e5, ikke tape. <br><\/p>\n\n\n\n<p>Saken g\u00e5r n\u00e5 til kommunestyrebehandling 24. mars. Vi h\u00e5per kommunestyret i hvert fall blir med p\u00e5 \u00e5 utrede dette, slik at vi eventuelt kan vedta dette p\u00e5 kommunestyret senest i juni 2021. For skulle samfunnet \u00e5pne seg, og vi f\u00e5 aktivitet inn med Rakettnatt etc. i august\/september, s\u00e5 kan vi kanskje f\u00e5 en flytting til denne sommeren. Men i hvert fall til neste sommer, og da b\u00f8r samfunnet v\u00e6re \u00e5pent igjen, og vi kan f\u00e5 se et fullt Stortorget med mange tilskuere som f\u00e5r oppleve konsert- og festivallivet i byen igjen.<br><\/p>\n","protected":false},"excerpt":{"rendered":"<p>Stortorget i Troms\u00f8 er en viktig m\u00f8teplass, som brukes til salg, messer, marked og ikke minst festivaler. Det er viktig at Troms\u00f8 kommune stadig ser p\u00e5 hvordan vi kan skape [&hellip;]<\/p>\n","protected":false},"author":2,"featured_media":2647,"comment_status":"open","ping_status":"open","sticky":false,"template":"","format":"standard","meta":{"jetpack_post_was_ever_published":false,"_jetpack_newsletter_access":"","_jetpack_dont_email_post_to_subs":false,"_jetpack_newsletter_tier_id":0,"_jetpack_memberships_contains_paywalled_content":false,"_jetpack_memberships_contains_paid_content":false,"footnotes":"","jetpack_publicize_message":"","jetpack_publicize_feature_enabled":true,"jetpack_social_post_already_shared":true,"jetpack_social_options":{"image_generator_settings":{"template":"highway","default_image_id":0,"font":"","enabled":false},"version":2}},"categories":[989,135],"tags":[991,995,990],"class_list":["post-2646","post","type-post","status-publish","format-standard","has-post-thumbnail","hentry","category-byutvikling","category-kultur","tag-fangst-og-fiskerimonumentet","tag-rakettnatt","tag-stortorget"],"jetpack_publicize_connections":[],"jetpack_featured_media_url":"https:\/\/i0.wp.com\/jarleheitmann.no\/wp-content\/uploads\/2021\/03\/Fangst-og-fiskeri.png?fit=330%2C465&ssl=1","jetpack_sharing_enabled":true,"jetpack_shortlink":"https:\/\/wp.me\/p6OCVj-GG","jetpack-related-posts":[],"_links":{"self":[{"href":"https:\/\/jarleheitmann.no\/index.php\/wp-json\/wp\/v2\/posts\/2646","targetHints":{"allow":["GET"]}}],"collection":[{"href":"https:\/\/jarleheitmann.no\/index.php\/wp-json\/wp\/v2\/posts"}],"about":[{"href":"https:\/\/jarleheitmann.no\/index.php\/wp-json\/wp\/v2\/types\/post"}],"author":[{"embeddable":true,"href":"https:\/\/jarleheitmann.no\/index.php\/wp-json\/wp\/v2\/users\/2"}],"replies":[{"embeddable":true,"href":"https:\/\/jarleheitmann.no\/index.php\/wp-json\/wp\/v2\/comments?post=2646"}],"version-history":[{"count":3,"href":"https:\/\/jarleheitmann.no\/index.php\/wp-json\/wp\/v2\/posts\/2646\/revisions"}],"predecessor-version":[{"id":2650,"href":"https:\/\/jarleheitmann.no\/index.php\/wp-json\/wp\/v2\/posts\/2646\/revisions\/2650"}],"wp:featuredmedia":[{"embeddable":true,"href":"https:\/\/jarleheitmann.no\/index.php\/wp-json\/wp\/v2\/media\/2647"}],"wp:attachment":[{"href":"https:\/\/jarleheitmann.no\/index.php\/wp-json\/wp\/v2\/media?parent=2646"}],"wp:term":[{"taxonomy":"category","embeddable":true,"href":"https:\/\/jarleheitmann.no\/index.php\/wp-json\/wp\/v2\/categories?post=2646"},{"taxonomy":"post_tag","embeddable":true,"href":"https:\/\/jarleheitmann.no\/index.php\/wp-json\/wp\/v2\/tags?post=2646"}],"curies":[{"name":"wp","href":"https:\/\/api.w.org\/{rel}","templated":true}]}}