{"id":2532,"date":"2019-04-12T15:19:55","date_gmt":"2019-04-12T13:19:55","guid":{"rendered":"http:\/\/jarleheitmann.no\/?p=2532"},"modified":"2019-04-12T15:20:02","modified_gmt":"2019-04-12T13:20:02","slug":"pa-tur-med-kvaloya-hjemmetjeneste","status":"publish","type":"post","link":"https:\/\/jarleheitmann.no\/index.php\/2019\/04\/12\/pa-tur-med-kvaloya-hjemmetjeneste\/","title":{"rendered":"P\u00e5 tur med Kval\u00f8ya hjemmetjeneste"},"content":{"rendered":"\n<div class=\"wp-block-image\"><figure class=\"alignleft is-resized\"><img loading=\"lazy\" decoding=\"async\" data-attachment-id=\"2533\" data-permalink=\"https:\/\/jarleheitmann.no\/index.php\/2019\/04\/12\/pa-tur-med-kvaloya-hjemmetjeneste\/attachment\/4\/\" data-orig-file=\"https:\/\/i0.wp.com\/jarleheitmann.no\/wp-content\/uploads\/2019\/04\/4.jpg?fit=1544%2C1160&amp;ssl=1\" data-orig-size=\"1544,1160\" data-comments-opened=\"1\" data-image-meta=\"{&quot;aperture&quot;:&quot;0&quot;,&quot;credit&quot;:&quot;&quot;,&quot;camera&quot;:&quot;&quot;,&quot;caption&quot;:&quot;&quot;,&quot;created_timestamp&quot;:&quot;1555069774&quot;,&quot;copyright&quot;:&quot;&quot;,&quot;focal_length&quot;:&quot;0&quot;,&quot;iso&quot;:&quot;0&quot;,&quot;shutter_speed&quot;:&quot;0&quot;,&quot;title&quot;:&quot;&quot;,&quot;orientation&quot;:&quot;0&quot;}\" data-image-title=\"4\" data-image-description=\"\" data-image-caption=\"\" data-medium-file=\"https:\/\/i0.wp.com\/jarleheitmann.no\/wp-content\/uploads\/2019\/04\/4.jpg?fit=300%2C225&amp;ssl=1\" data-large-file=\"https:\/\/i0.wp.com\/jarleheitmann.no\/wp-content\/uploads\/2019\/04\/4.jpg?fit=1024%2C769&amp;ssl=1\" src=\"https:\/\/i1.wp.com\/jarleheitmann.no\/wp-content\/uploads\/2019\/04\/4.jpg?fit=1024%2C769&amp;ssl=1\" alt=\"\" class=\"wp-image-2533\" width=\"273\" height=\"204\" srcset=\"https:\/\/i0.wp.com\/jarleheitmann.no\/wp-content\/uploads\/2019\/04\/4.jpg?w=1544&amp;ssl=1 1544w, https:\/\/i0.wp.com\/jarleheitmann.no\/wp-content\/uploads\/2019\/04\/4.jpg?resize=300%2C225&amp;ssl=1 300w, https:\/\/i0.wp.com\/jarleheitmann.no\/wp-content\/uploads\/2019\/04\/4.jpg?resize=768%2C577&amp;ssl=1 768w, https:\/\/i0.wp.com\/jarleheitmann.no\/wp-content\/uploads\/2019\/04\/4.jpg?resize=1024%2C769&amp;ssl=1 1024w, https:\/\/i0.wp.com\/jarleheitmann.no\/wp-content\/uploads\/2019\/04\/4.jpg?resize=750%2C563&amp;ssl=1 750w\" sizes=\"auto, (max-width: 273px) 100vw, 273px\" \/><figcaption>Vikar Ida Rossvoll har med politiker Jarle p\u00e5 dagens runde til ca 10. brukere ved Kval\u00f8ya hjemmetjeneste<\/figcaption><\/figure><\/div>\n\n\n\n<p>I dag fikk jeg v\u00e6re med vikar Ida Rossvoll ut p\u00e5 hennes runde for avdeling nord, hvor vi m\u00f8tte flere brukere som er helt avhengig av tjenesten. Det ble mange inntrykk \u00e5 ford\u00f8ye.<\/p>\n\n\n\n<p>Bakgrunn for bes\u00f8ket er at Bladet Nordlys skrev om at millionkutt kan gi f\u00e6rre vikarer i helse og omsorg-sektoren. Da utfordret Kval\u00f8ya hjemmetjeneste oss  politikere, til \u00e5 v\u00e6re med p\u00e5 en rundtur til brukerne for \u00e5 se hvor det kan kuttes. Tone Marie Myklevoll tok utfordringen p\u00e5 vegne av oss i Ap, og hun og jeg var i dag p\u00e5 bes\u00f8k ved enheten.<\/p>\n\n\n\n<p><a rel=\"noreferrer noopener\" aria-label=\"Bladet Nordlys 31.3.19:  Sl\u00e5r alarm om varslet vikarkutt: - Vi blir skikkelig bekymret for de gamle i Troms\u00f8. Det er de som rammes. (\u00e5pner i en ny fane)\" href=\"https:\/\/www.nordlys.no\/jobb\/helse\/tromso\/slar-alarm-om-varslet-vikarkutt-vi-blir-skikkelig-bekymret-for-de-gamle-i-tromso-det-er-de-som-rammes\/s\/5-34-1090818\" target=\"_blank\">Bladet Nordlys 31.3.19:  Sl\u00e5r alarm om varslet vikarkutt: &#8211; Vi blir skikkelig bekymret for de gamle i Troms\u00f8. Det er de som rammes.<\/a><\/p>\n\n\n\n<p>Kval\u00f8ya hjemmetjeneste har ansvar for 365 brukere, hvorav 170 er hjemmeboende med adresse fra Rebbenes\u00f8y i nord til Malangen i s\u00f8r. Her f\u00e5r de hjelp til s\u00e5rstell, til medisinering, ordne mat, vasking\/bading og annen praktisk bistand. Noen er s\u00e5 syke at de trenger hjelp til alt. I dette arbeidet er hjemmetjenesten het avhengig av vikarene, som ellers ikke dekker opp de titalls rutene som f.eks Kval\u00f8ya hjemmetjeneste har ansvar for. <\/p>\n\n\n\n<p><a href=\"https:\/\/www.nordlys.no\/tromso\/politikk\/helse\/tromso-politikerne-ble-utfordret-pa-helsekutt-na-skal-de-besoke-brukerne\/s\/5-34-1092323?access=granted&amp;fbclid=IwAR2SLRlqnTwpVKz93xMhcqnbF3GNvX3CoQB-RPUtmH1gDfE1ZorKIOCBUWs\" target=\"_blank\" rel=\"noreferrer noopener\" aria-label=\"Bladet Nordlys 1.4.19: Troms\u00f8-politikerne ble utfordret p\u00e5 helsekutt \u2013 n\u00e5 skal de bes\u00f8ke brukerne (\u00e5pner i en ny fane)\">Bladet Nordlys 1.4.19: Troms\u00f8-politikerne ble utfordret p\u00e5 helsekutt \u2013 n\u00e5 skal de bes\u00f8ke brukerne<\/a><\/p>\n\n\n\n<p>P\u00e5 dagens rute opplevde jeg ulike sett brukere med ulike behov. Et sted var det \u00e5 sm\u00f8re mat og \u00e5 s\u00f8rge for at den daglige trenings\u00f8kta med enkle fysiske \u00f8velser ble gjennomf\u00f8rt. Den aktiviteten var forebyggende og hindret at brukeren ble sykere og dermed med behov for enda st\u00f8rre kommunalt tilbud. En annet sted var det skifte av s\u00e5r og stomi-poser tre ganger i uka. Et tredje sted stell av en fot. Det man fort kunne trekke av erfaring, var at de var helt avhengige av hjemmetjenesten, for \u00e5 kunne bli boende hjemme. Noe som var viktig for flere av dem, fordi det var der dem trivdes og det holdt dem frisk. For andre var det for \u00e5 unng\u00e5 belastning p\u00e5 gjenlevende ektefelle eller andre p\u00e5r\u00f8rende, som fort kunne bli et tema.<\/p>\n\n\n\n<p>Jeg klarer helt klart \u00e5 se verdien av \u00e5 ha en hjemmetjeneste som fungerer, og har problemer med \u00e5 se hvordan den kan fungere, om ikke ruten som Ida kj\u00f8rte i dag, er bemannet. Dersom de m\u00e5 kutte i vikarbruken, s\u00e5 er alternativet rett og slett at brukerne ikke f\u00e5r tjenesten. Men det vil ha store konsekvenser. Det vil bety at kommunen raskt f\u00e5r sykere brukere, som m\u00e5 ha enda st\u00f8rre oppf\u00f8lging eller rett og slett legges inn p\u00e5 sykehjem. \u00c5 kutte mer her, vil faktisk s\u00f8rge for at kostnadene \u00f8ker p\u00e5 litt lengre sikt.<\/p>\n\n\n\n<p>Det skjer ogs\u00e5 mye bra i hjemmetjenesten. B\u00e5de Fastlandet som jeg bes\u00f8kte i fjor h\u00f8st og Kval\u00f8ya som, gj\u00f8r veldig mye bra p\u00e5 den \u00f8konomiske siden. De har god ledelse og de gj\u00f8r praktisk tilpasninger i driften, som sparer enheten rent \u00f8konomisk. I en hverdag hvor pleie- og omsorg regelmessig blir trukket frem i media pga. overforbruk, s\u00e5 er det viktig \u00e5 huske p\u00e5 disse eksemplene.<\/p>\n\n\n\n<p>Samtidig er det en kjensgjerning at hele sektoren forel\u00f8pig legger ann til et merforbruk p\u00e5 182 millioner kroner. Heldigvis begynner vi \u00e5 se resultater, for tilsvarende tall i 2018 var over 300 millioner kroner. Men vi er forsatt i omstilling og overforbruket m\u00e5 ned.<\/p>\n\n\n\n<iframe loading=\"lazy\" src=\"https:\/\/www.facebook.com\/plugins\/video.php?href=https%3A%2F%2Fwww.facebook.com%2FJarleHeitmann%2Fvideos%2F638680809923397%2F&#038;show_text=0&#038;width=267\" width=\"267\" height=\"476\" style=\"border:none;overflow:hidden\" scrolling=\"no\" frameborder=\"0\" allowTransparency=\"true\" allowFullScreen=\"true\"><\/iframe>\n\n\n\n<p>Men det er en rekke forslag som administrasjonen har kommet med, som vi for det f\u00f8rste m\u00e5 be om \u00e5 f\u00e5 utredet konsekvensene av. Det gjorde vi da ogs\u00e5 i formannskapet p\u00e5 tirsdag. Men for det andre m\u00e5 vi klart signalisere at det er politisk ikke er mulig \u00e5 si ja til noen av disse kuttforslagene. Rett og slett fordi det motvirker alt vi jobber for \u00e5 f\u00e5 til med omstillingen i sektoren &#8211; hvor det skal bygges mot mer satsing p\u00e5 tidlig innsats, forebygging og rehabilitering. Folk skal rett og slett komme inn i omsorgstrappen p\u00e5 rette niv\u00e5, til rette tid. Der er vi ikke i dag. Men \u00e5 kutte f.eks i antall m\u00e5ltider skaper jo d\u00e5rligere helse, og er ikke forebyggende. Heller tvert imot. Det mener jeg er et d\u00e5rlig forslag, som vi ikke kan g\u00e5 inn for. Heller ikke kutte korttidsplasser i Lakselvbukt. <\/p>\n\n\n\n<p>Og etter i dag kan jeg ogs\u00e5 si &#8211; vi kan ikke svekke hjemmetjenesten, som gir en tjeneste som faktisk holder folk friskere hjemme, slik at de ikke blir en tyngre belastning p\u00e5 helsebudsjettene. Jeg er imponert over den faglige dyktighet og engasjement for brukere som de jeg m\u00f8tte p\u00e5 Kval\u00f8ya hjemmetjeneste faktisk har. Fra vikar Ida som tok meg med til brukerne p\u00e5 dagens runde, til avdelingsledere og til enhetsleder er det bare \u00e5 takke for bes\u00f8ket. Inntrykkene og kunnskap vil sitte igjen lenge <\/p>\n","protected":false},"excerpt":{"rendered":"<p>I dag fikk jeg v\u00e6re med vikar Ida Rossvoll ut p\u00e5 hennes runde for avdeling nord, hvor vi m\u00f8tte flere brukere som er helt avhengig av tjenesten. Det ble mange [&hellip;]<\/p>\n","protected":false},"author":2,"featured_media":2533,"comment_status":"open","ping_status":"open","sticky":false,"template":"","format":"standard","meta":{"jetpack_post_was_ever_published":false,"_jetpack_newsletter_access":"","_jetpack_dont_email_post_to_subs":false,"_jetpack_newsletter_tier_id":0,"_jetpack_memberships_contains_paywalled_content":false,"_jetpack_memberships_contains_paid_content":false,"footnotes":"","jetpack_publicize_message":"","jetpack_publicize_feature_enabled":true,"jetpack_social_post_already_shared":true,"jetpack_social_options":{"image_generator_settings":{"template":"highway","default_image_id":0,"font":"","enabled":false},"version":2}},"categories":[977],"tags":[178,978,849],"class_list":["post-2532","post","type-post","status-publish","format-standard","has-post-thumbnail","hentry","category-pleie-og-omsorg","tag-helsepolitikk","tag-hjemmetjeneste","tag-kvaloya"],"jetpack_publicize_connections":[],"jetpack_featured_media_url":"https:\/\/i0.wp.com\/jarleheitmann.no\/wp-content\/uploads\/2019\/04\/4.jpg?fit=1544%2C1160&ssl=1","jetpack_sharing_enabled":true,"jetpack_shortlink":"https:\/\/wp.me\/p6OCVj-EQ","jetpack-related-posts":[],"_links":{"self":[{"href":"https:\/\/jarleheitmann.no\/index.php\/wp-json\/wp\/v2\/posts\/2532","targetHints":{"allow":["GET"]}}],"collection":[{"href":"https:\/\/jarleheitmann.no\/index.php\/wp-json\/wp\/v2\/posts"}],"about":[{"href":"https:\/\/jarleheitmann.no\/index.php\/wp-json\/wp\/v2\/types\/post"}],"author":[{"embeddable":true,"href":"https:\/\/jarleheitmann.no\/index.php\/wp-json\/wp\/v2\/users\/2"}],"replies":[{"embeddable":true,"href":"https:\/\/jarleheitmann.no\/index.php\/wp-json\/wp\/v2\/comments?post=2532"}],"version-history":[{"count":2,"href":"https:\/\/jarleheitmann.no\/index.php\/wp-json\/wp\/v2\/posts\/2532\/revisions"}],"predecessor-version":[{"id":2535,"href":"https:\/\/jarleheitmann.no\/index.php\/wp-json\/wp\/v2\/posts\/2532\/revisions\/2535"}],"wp:featuredmedia":[{"embeddable":true,"href":"https:\/\/jarleheitmann.no\/index.php\/wp-json\/wp\/v2\/media\/2533"}],"wp:attachment":[{"href":"https:\/\/jarleheitmann.no\/index.php\/wp-json\/wp\/v2\/media?parent=2532"}],"wp:term":[{"taxonomy":"category","embeddable":true,"href":"https:\/\/jarleheitmann.no\/index.php\/wp-json\/wp\/v2\/categories?post=2532"},{"taxonomy":"post_tag","embeddable":true,"href":"https:\/\/jarleheitmann.no\/index.php\/wp-json\/wp\/v2\/tags?post=2532"}],"curies":[{"name":"wp","href":"https:\/\/api.w.org\/{rel}","templated":true}]}}