{"id":2464,"date":"2019-01-25T15:05:36","date_gmt":"2019-01-25T14:05:36","guid":{"rendered":"http:\/\/jarleheitmann.no\/?p=2464"},"modified":"2019-01-25T15:11:08","modified_gmt":"2019-01-25T14:11:08","slug":"linda-therese-norrie-helhetlige-pasientforlop-i-kommunehelsetjenesten","status":"publish","type":"post","link":"https:\/\/jarleheitmann.no\/index.php\/2019\/01\/25\/linda-therese-norrie-helhetlige-pasientforlop-i-kommunehelsetjenesten\/","title":{"rendered":"Linda Therese Norrie: Helhetlige pasientforl\u00f8p i kommunehelsetjenesten"},"content":{"rendered":"\n<div class=\"wp-block-image\"><figure class=\"alignleft is-resized\"><img data-recalc-dims=\"1\" loading=\"lazy\" decoding=\"async\" data-attachment-id=\"2465\" data-permalink=\"https:\/\/jarleheitmann.no\/index.php\/2019\/01\/25\/linda-therese-norrie-helhetlige-pasientforlop-i-kommunehelsetjenesten\/linda-therese-norrie\/\" data-orig-file=\"https:\/\/i0.wp.com\/jarleheitmann.no\/wp-content\/uploads\/2019\/01\/Linda-Therese-Norrie-e1548424158728.jpg?fit=645%2C816&amp;ssl=1\" data-orig-size=\"645,816\" data-comments-opened=\"1\" data-image-meta=\"{&quot;aperture&quot;:&quot;0&quot;,&quot;credit&quot;:&quot;&quot;,&quot;camera&quot;:&quot;&quot;,&quot;caption&quot;:&quot;&quot;,&quot;created_timestamp&quot;:&quot;0&quot;,&quot;copyright&quot;:&quot;&quot;,&quot;focal_length&quot;:&quot;0&quot;,&quot;iso&quot;:&quot;0&quot;,&quot;shutter_speed&quot;:&quot;0&quot;,&quot;title&quot;:&quot;&quot;,&quot;orientation&quot;:&quot;0&quot;}\" data-image-title=\"Linda Therese Norrie\" data-image-description=\"\" data-image-caption=\"&lt;p&gt;Linda Therese Norrie&lt;\/p&gt;\n\" data-medium-file=\"https:\/\/i0.wp.com\/jarleheitmann.no\/wp-content\/uploads\/2019\/01\/Linda-Therese-Norrie-e1548424158728.jpg?fit=237%2C300&amp;ssl=1\" data-large-file=\"https:\/\/i0.wp.com\/jarleheitmann.no\/wp-content\/uploads\/2019\/01\/Linda-Therese-Norrie-e1548424158728.jpg?fit=645%2C816&amp;ssl=1\" src=\"https:\/\/i0.wp.com\/jarleheitmann.no\/wp-content\/uploads\/2019\/01\/Linda-Therese-Norrie.jpg?resize=190%2C253&#038;ssl=1\" alt=\"\" class=\"wp-image-2465\" width=\"190\" height=\"253\"\/><figcaption>Linda Therese Norrie er listekandidat nr. 28 for Troms\u00f8 Arbeiderparti ved valget i 2019, kreftsykepleier og l\u00e6rer. <\/figcaption><\/figure><\/div>\n\n\n\n<p> I kommunevalgprogrammet til Troms\u00f8 Arbeiderparti st\u00e5r det under \u00abHelse og Omsorg\u00bb at innenfor psykisk helse vil Troms\u00f8 arbeiderparti blant annet <em>\u00abSatse p\u00e5 tverrfaglig samhandling og helhetlige pasientforl\u00f8p ogs\u00e5 for psykiske pasienter\u00bb.<\/em> For mange vil jeg tro det er vanskelig \u00e5 se for seg hva som ligger i dette, det krever noe erfaring fra omr\u00e5det for \u00e5 vite hvor \u00abskoen trykker\u00bb her. For meg er det viktig \u00e5 belyse denne utfordringen, og jobbe med gode l\u00f8sninger for \u00e5 bedre gapet som i dag ligger i tjenesten.<\/p>\n\n\n\n<p>Mye av utfordringene med \u00e5 f\u00e5 til de gode og helhetlige pasientforl\u00f8pene her oppst\u00e5r pga. en organisering, en kultur og en struktur som skaper et gap mellom ulike tjenesteleverand\u00f8rer\/enheter. Jeg tenker spesielt p\u00e5 at en del problemer oppst\u00e5r mellom somatisk og psykiatrisk tjeneste. Det er en gang slik at vi mennesker er sammensatt og ofte har flere enn bare \u00e8n utfordring. Pasienter som har b\u00e5de somatiske og psykiske utfordringer har en tendens til \u00e5 ramle litt mellom stolene, for hvis man har behov for b\u00e5de psykiatrisk tilsyn og ivaretakelse, men ogs\u00e5 har et s\u00e5r som skal stelles, s\u00e5 blir det ofte to ulike instanser som skal ivareta denne pasienten. Det skaper lite kontinuitet for pasienten, og gj\u00f8r at den enkelte m\u00e5 forholde seg til sv\u00e6rt mange flere hjelpere i sin hverdag. <\/p>\n\n\n\n<div class=\"wp-block-image\"><figure class=\"alignright is-resized\"><img data-recalc-dims=\"1\" loading=\"lazy\" decoding=\"async\" data-attachment-id=\"2466\" data-permalink=\"https:\/\/jarleheitmann.no\/index.php\/2019\/01\/25\/linda-therese-norrie-helhetlige-pasientforlop-i-kommunehelsetjenesten\/hospice-1753585_960_720\/\" data-orig-file=\"https:\/\/i0.wp.com\/jarleheitmann.no\/wp-content\/uploads\/2019\/01\/hospice-1753585_960_720.jpg?fit=960%2C640&amp;ssl=1\" data-orig-size=\"960,640\" data-comments-opened=\"1\" data-image-meta=\"{&quot;aperture&quot;:&quot;0&quot;,&quot;credit&quot;:&quot;&quot;,&quot;camera&quot;:&quot;&quot;,&quot;caption&quot;:&quot;&quot;,&quot;created_timestamp&quot;:&quot;0&quot;,&quot;copyright&quot;:&quot;&quot;,&quot;focal_length&quot;:&quot;0&quot;,&quot;iso&quot;:&quot;0&quot;,&quot;shutter_speed&quot;:&quot;0&quot;,&quot;title&quot;:&quot;&quot;,&quot;orientation&quot;:&quot;0&quot;}\" data-image-title=\"hospice-1753585_960_720\" data-image-description=\"\" data-image-caption=\"\" data-medium-file=\"https:\/\/i0.wp.com\/jarleheitmann.no\/wp-content\/uploads\/2019\/01\/hospice-1753585_960_720.jpg?fit=300%2C200&amp;ssl=1\" data-large-file=\"https:\/\/i0.wp.com\/jarleheitmann.no\/wp-content\/uploads\/2019\/01\/hospice-1753585_960_720.jpg?fit=960%2C640&amp;ssl=1\" src=\"https:\/\/i0.wp.com\/jarleheitmann.no\/wp-content\/uploads\/2019\/01\/hospice-1753585_960_720.jpg?resize=192%2C128&#038;ssl=1\" alt=\"\" class=\"wp-image-2466\" width=\"192\" height=\"128\" srcset=\"https:\/\/i0.wp.com\/jarleheitmann.no\/wp-content\/uploads\/2019\/01\/hospice-1753585_960_720.jpg?w=960&amp;ssl=1 960w, https:\/\/i0.wp.com\/jarleheitmann.no\/wp-content\/uploads\/2019\/01\/hospice-1753585_960_720.jpg?resize=300%2C200&amp;ssl=1 300w, https:\/\/i0.wp.com\/jarleheitmann.no\/wp-content\/uploads\/2019\/01\/hospice-1753585_960_720.jpg?resize=768%2C512&amp;ssl=1 768w, https:\/\/i0.wp.com\/jarleheitmann.no\/wp-content\/uploads\/2019\/01\/hospice-1753585_960_720.jpg?resize=750%2C500&amp;ssl=1 750w\" sizes=\"auto, (max-width: 192px) 100vw, 192px\" \/><figcaption>Illustrasjonsfoto: Pixabay.com<\/figcaption><\/figure><\/div>\n\n\n\n<p>\n\nJeg vil ansl\u00e5 at en pasient som har bes\u00f8k daglig av b\u00e5de psykisk helsetjeneste og somatisk hjemmetjeneste sannsynligvis vil kunne treffe p\u00e5 25 ulike hjelpere i l\u00f8pet av en m\u00e5ned (tallet er estimert ut i fra erfaringer, antar at man fort kan treffe tre ulike personer i uken fra begge tjenestestedene). Samtidig har man store utfordringer med \u00e5 f\u00e5 de teknologiske l\u00f8sningene og rapportsystemene til \u00e5 snakke sammen, og det kan g\u00e5 lang tid f\u00f8r alle som har behov for det har innsyn i de relevante mappene. <strong>Dette gj\u00f8r et tverrfaglig samarbeid vanskelig og er ikke et helhetlig pasientforl\u00f8p for meg. <\/strong><\/p>\n\n\n\n<div class=\"wp-block-image\"><figure class=\"alignleft is-resized\"><img data-recalc-dims=\"1\" loading=\"lazy\" decoding=\"async\" data-attachment-id=\"336\" data-permalink=\"https:\/\/jarleheitmann.no\/index.php\/2016\/10\/21\/glad-tromso-arild-hausberg\/computer\/\" data-orig-file=\"https:\/\/i0.wp.com\/jarleheitmann.no\/wp-content\/uploads\/2016\/10\/computer.png?fit=371%2C357&amp;ssl=1\" data-orig-size=\"371,357\" data-comments-opened=\"1\" data-image-meta=\"{&quot;aperture&quot;:&quot;0&quot;,&quot;credit&quot;:&quot;&quot;,&quot;camera&quot;:&quot;&quot;,&quot;caption&quot;:&quot;&quot;,&quot;created_timestamp&quot;:&quot;0&quot;,&quot;copyright&quot;:&quot;&quot;,&quot;focal_length&quot;:&quot;0&quot;,&quot;iso&quot;:&quot;0&quot;,&quot;shutter_speed&quot;:&quot;0&quot;,&quot;title&quot;:&quot;&quot;,&quot;orientation&quot;:&quot;0&quot;}\" data-image-title=\"computer\" data-image-description=\"\" data-image-caption=\"&lt;p&gt;Hver uke inviteres en gjesteblogger til &amp;laquo;Glad i Troms\u00f8&amp;raquo;.&lt;\/p&gt;\n\" data-medium-file=\"https:\/\/i0.wp.com\/jarleheitmann.no\/wp-content\/uploads\/2016\/10\/computer.png?fit=300%2C289&amp;ssl=1\" data-large-file=\"https:\/\/i0.wp.com\/jarleheitmann.no\/wp-content\/uploads\/2016\/10\/computer.png?fit=371%2C357&amp;ssl=1\" src=\"https:\/\/i0.wp.com\/jarleheitmann.no\/wp-content\/uploads\/2016\/10\/computer.png?resize=120%2C116&#038;ssl=1\" alt=\"\" class=\"wp-image-336\" width=\"120\" height=\"116\" srcset=\"https:\/\/i0.wp.com\/jarleheitmann.no\/wp-content\/uploads\/2016\/10\/computer.png?w=371&amp;ssl=1 371w, https:\/\/i0.wp.com\/jarleheitmann.no\/wp-content\/uploads\/2016\/10\/computer.png?resize=300%2C289&amp;ssl=1 300w\" sizes=\"auto, (max-width: 120px) 100vw, 120px\" \/><figcaption>Hver uke fremover mot kommunevalget i september, vil jeg invitere en gjesteblogger fra  Arbeiderpartiets kommunevalgliste 2019.<\/figcaption><\/figure><\/div>\n\n\n\n<p>Jeg tenker vi m\u00e5 <strong>sikre en kontinuitet<\/strong> og et nesten <strong>s\u00f8ml\u00f8st system<\/strong> rundt hver enkelt bruker av v\u00e5re tjenester. Dette er en s\u00e5rbar pasientgruppe, som er s\u00e6rdeles avhengig av trygghet og tillit til de menneskene de har rundt seg i hverdagen.&nbsp; <br><br>Vi m\u00e5 <strong>bedre de teknologiske l\u00f8sningene <\/strong>som sikrer at rapportsystemene snakker sammen slik at formidling av n\u00f8dvendige opplysninger mellom ulike tjenesteleverand\u00f8rer\/enheter g\u00e5r problemfritt i de tilfellene dette er en n\u00f8dvendig l\u00f8sning, vi m\u00e5 f\u00e5 til \u00e5 <strong>etablere noen strukturelle f\u00f8ringer<\/strong> for hvordan man skal ivareta denne pasientgruppen p\u00e5 en <strong>helhetlig og kvalitetsmessig god m\u00e5te<\/strong>, og vi m\u00e5 f\u00e5 p\u00e5 plass noen <strong>retningslinjer som plasserer hovedansvaret for pasienten hos \u00e8n tjenesteleverand\u00f8r<\/strong>.<\/p>\n\n\n\n<p><\/p>\n\n\n\n<h3 class=\"wp-block-heading\"><a href=\"http:\/\/www.facebook.com\/JarleHeitmann\" target=\"_blank\" rel=\"noreferrer noopener\" aria-label=\"Lik min Facebook-side - facebook.com\/JarleHeitmann (\u00e5pner i en ny fane)\">Lik min Facebook-side &#8211; facebook.com\/JarleHeitmann<\/a><\/h3>\n","protected":false},"excerpt":{"rendered":"<p>I kommunevalgprogrammet til Troms\u00f8 Arbeiderparti st\u00e5r det under \u00abHelse og Omsorg\u00bb at innenfor psykisk helse vil Troms\u00f8 arbeiderparti blant annet \u00abSatse p\u00e5 tverrfaglig samhandling og helhetlige pasientforl\u00f8p ogs\u00e5 for psykiske [&hellip;]<\/p>\n","protected":false},"author":2,"featured_media":2465,"comment_status":"open","ping_status":"open","sticky":false,"template":"","format":"standard","meta":{"jetpack_post_was_ever_published":false,"_jetpack_newsletter_access":"","_jetpack_dont_email_post_to_subs":false,"_jetpack_newsletter_tier_id":0,"_jetpack_memberships_contains_paywalled_content":false,"_jetpack_memberships_contains_paid_content":false,"footnotes":"","jetpack_publicize_message":"","jetpack_publicize_feature_enabled":true,"jetpack_social_post_already_shared":true,"jetpack_social_options":{"image_generator_settings":{"template":"highway","default_image_id":0,"font":"","enabled":false},"version":2}},"categories":[110],"tags":[111,668,506,956,957,811],"class_list":["post-2464","post","type-post","status-publish","format-standard","has-post-thumbnail","hentry","category-gjesteblogger","tag-gjesteblogger","tag-helse-og-omsorg","tag-helsevesen","tag-pasient","tag-psykisk-helse","tag-tromso-arbeiderparti"],"jetpack_publicize_connections":[],"jetpack_featured_media_url":"https:\/\/i0.wp.com\/jarleheitmann.no\/wp-content\/uploads\/2019\/01\/Linda-Therese-Norrie-e1548424158728.jpg?fit=645%2C816&ssl=1","jetpack_sharing_enabled":true,"jetpack_shortlink":"https:\/\/wp.me\/p6OCVj-DK","jetpack-related-posts":[],"_links":{"self":[{"href":"https:\/\/jarleheitmann.no\/index.php\/wp-json\/wp\/v2\/posts\/2464","targetHints":{"allow":["GET"]}}],"collection":[{"href":"https:\/\/jarleheitmann.no\/index.php\/wp-json\/wp\/v2\/posts"}],"about":[{"href":"https:\/\/jarleheitmann.no\/index.php\/wp-json\/wp\/v2\/types\/post"}],"author":[{"embeddable":true,"href":"https:\/\/jarleheitmann.no\/index.php\/wp-json\/wp\/v2\/users\/2"}],"replies":[{"embeddable":true,"href":"https:\/\/jarleheitmann.no\/index.php\/wp-json\/wp\/v2\/comments?post=2464"}],"version-history":[{"count":5,"href":"https:\/\/jarleheitmann.no\/index.php\/wp-json\/wp\/v2\/posts\/2464\/revisions"}],"predecessor-version":[{"id":2472,"href":"https:\/\/jarleheitmann.no\/index.php\/wp-json\/wp\/v2\/posts\/2464\/revisions\/2472"}],"wp:featuredmedia":[{"embeddable":true,"href":"https:\/\/jarleheitmann.no\/index.php\/wp-json\/wp\/v2\/media\/2465"}],"wp:attachment":[{"href":"https:\/\/jarleheitmann.no\/index.php\/wp-json\/wp\/v2\/media?parent=2464"}],"wp:term":[{"taxonomy":"category","embeddable":true,"href":"https:\/\/jarleheitmann.no\/index.php\/wp-json\/wp\/v2\/categories?post=2464"},{"taxonomy":"post_tag","embeddable":true,"href":"https:\/\/jarleheitmann.no\/index.php\/wp-json\/wp\/v2\/tags?post=2464"}],"curies":[{"name":"wp","href":"https:\/\/api.w.org\/{rel}","templated":true}]}}