{"id":2423,"date":"2018-11-12T15:45:13","date_gmt":"2018-11-12T14:45:13","guid":{"rendered":"http:\/\/jarleheitmann.no\/?p=2423"},"modified":"2018-11-13T15:25:57","modified_gmt":"2018-11-13T14:25:57","slug":"homohets-er-helt-bak-mal","status":"publish","type":"post","link":"https:\/\/jarleheitmann.no\/index.php\/2018\/11\/12\/homohets-er-helt-bak-mal\/","title":{"rendered":"Homohets er helt bak m\u00e5l!"},"content":{"rendered":"<figure id=\"attachment_2424\" aria-describedby=\"caption-attachment-2424\" style=\"width: 225px\" class=\"wp-caption alignleft\"><a href=\"https:\/\/i0.wp.com\/jarleheitmann.no\/wp-content\/uploads\/2018\/11\/45367027_977471255793991_3796294315597103104_n.jpg?ssl=1\"><img data-recalc-dims=\"1\" loading=\"lazy\" decoding=\"async\" data-attachment-id=\"2424\" data-permalink=\"https:\/\/jarleheitmann.no\/index.php\/2018\/11\/12\/homohets-er-helt-bak-mal\/45367027_977471255793991_3796294315597103104_n\/\" data-orig-file=\"https:\/\/i0.wp.com\/jarleheitmann.no\/wp-content\/uploads\/2018\/11\/45367027_977471255793991_3796294315597103104_n.jpg?fit=720%2C960&amp;ssl=1\" data-orig-size=\"720,960\" data-comments-opened=\"1\" data-image-meta=\"{&quot;aperture&quot;:&quot;0&quot;,&quot;credit&quot;:&quot;&quot;,&quot;camera&quot;:&quot;&quot;,&quot;caption&quot;:&quot;&quot;,&quot;created_timestamp&quot;:&quot;0&quot;,&quot;copyright&quot;:&quot;&quot;,&quot;focal_length&quot;:&quot;0&quot;,&quot;iso&quot;:&quot;0&quot;,&quot;shutter_speed&quot;:&quot;0&quot;,&quot;title&quot;:&quot;&quot;,&quot;orientation&quot;:&quot;0&quot;}\" data-image-title=\"45367027_977471255793991_3796294315597103104_n\" data-image-description=\"\" data-image-caption=\"&lt;p&gt;Jeg fikk v\u00e6re med p\u00e5 \u00e5 vise regnbuekortet, under TIL-Molde p\u00e5 Alfheim Stadion 4.11.18&lt;\/p&gt;\n\" data-medium-file=\"https:\/\/i0.wp.com\/jarleheitmann.no\/wp-content\/uploads\/2018\/11\/45367027_977471255793991_3796294315597103104_n.jpg?fit=225%2C300&amp;ssl=1\" data-large-file=\"https:\/\/i0.wp.com\/jarleheitmann.no\/wp-content\/uploads\/2018\/11\/45367027_977471255793991_3796294315597103104_n.jpg?fit=720%2C960&amp;ssl=1\" class=\"wp-image-2424 size-medium\" src=\"https:\/\/i0.wp.com\/jarleheitmann.no\/wp-content\/uploads\/2018\/11\/45367027_977471255793991_3796294315597103104_n.jpg?resize=225%2C300&#038;ssl=1\" alt=\"\" width=\"225\" height=\"300\" srcset=\"https:\/\/i0.wp.com\/jarleheitmann.no\/wp-content\/uploads\/2018\/11\/45367027_977471255793991_3796294315597103104_n.jpg?resize=225%2C300&amp;ssl=1 225w, https:\/\/i0.wp.com\/jarleheitmann.no\/wp-content\/uploads\/2018\/11\/45367027_977471255793991_3796294315597103104_n.jpg?w=720&amp;ssl=1 720w\" sizes=\"auto, (max-width: 225px) 100vw, 225px\" \/><\/a><figcaption id=\"caption-attachment-2424\" class=\"wp-caption-text\">Jeg fikk v\u00e6re med p\u00e5 \u00e5 vise regnbuekortet, under TIL-Molde p\u00e5 Alfheim Stadion 4.11.18<\/figcaption><\/figure>\n<p>P\u00e5 siste hjemmekamp p\u00e5 Alfheim Stadion bidro Troms\u00f8 IL til \u00e5 ta en klar holdning mot homohets, etter initiativ fra\u00a0idretten i Troms\u00f8 og Troms idrettskrets.<\/p>\n<p><!--more-->Dette er viktig, da idretten er en arena\u00a0som oppleves som ekskluderende og lite \u00e5pen, at ut\u00f8vere gir seg i frykt for \u00e5 bli stemplet for sin legning. Det\u00a0var en viktig handling at vi som var tilskuere, kunne vise det regnbuefargede kortet p\u00e5 Alfheim stadion til st\u00f8tte for Troms\u00f8 Arctic Pride som ble arrangert uken etter. Det var ogs\u00e5 en flott appell f\u00f8r kampstart fra kaptein\u00a0<a class=\"profileLink\" href=\"https:\/\/www.facebook.com\/simen.wangberg?__tn__=K-R&amp;eid=ARD540YNNBoz-nL5qQAl2dulO6maNrN63FbRv7SnPoQWJVr0J8a7Eai2yi58QgW-NYuqlPYUkm0sCYEA&amp;fref=mentions&amp;__xts__%5B0%5D=68.ARBqau9xs5FlfJW9QoDj5gfgPuLspXz-MTj2gcIeUFGUN0DcyR7xKgNTtFAH7ONBY6FKWvGkCHBBVvMLzhyYmjpxiDhAwh-jOk0fsK4QY8UE3MhJ8M-q2QljrTqM63oog3iV4NJmbP4TT0vwlgcfOR8NngkRrT6DpxTr0fVtU_K0mbud0M_81zOdmkVAPQsGORiu8L8yUg4lkYiaboop3OlmgRjl42Q5dbSxotktlm78_WcpFFsklrdT1E56-JVawJTYABjKgt3w3krArLm0eQZp8MZCKIdvYkCRLoZUEqCoB2NLdABoh0MXVtjvAGflXaoVJNMcDwtRszDC8Rf-k4M\" data-hovercard=\"\/ajax\/hovercard\/user.php?id=797765857&amp;extragetparams=%7B%22__tn__%22%3A%22%2CdK-R-R%22%2C%22eid%22%3A%22ARD540YNNBoz-nL5qQAl2dulO6maNrN63FbRv7SnPoQWJVr0J8a7Eai2yi58QgW-NYuqlPYUkm0sCYEA%22%2C%22fref%22%3A%22mentions%22%7D\" data-hovercard-prefer-more-content-show=\"1\">Simen S. Wangberg<\/a>\u00a0ved kampstart. Dette ble ogs\u00e5 fulgt opp samme helgen i elitekamper med\u00a0<a class=\"profileLink\" href=\"https:\/\/www.facebook.com\/bktromso\/?__tn__=K-R&amp;eid=ARBaBZctYMlVO4Nhggd4FKrhmQFCmjVqvrqbpmkw5YxfZf7Fo9vnoDazgAyYpWaLn8uvBLh-H-7x0IAV&amp;fref=mentions&amp;__xts__%5B0%5D=68.ARBqau9xs5FlfJW9QoDj5gfgPuLspXz-MTj2gcIeUFGUN0DcyR7xKgNTtFAH7ONBY6FKWvGkCHBBVvMLzhyYmjpxiDhAwh-jOk0fsK4QY8UE3MhJ8M-q2QljrTqM63oog3iV4NJmbP4TT0vwlgcfOR8NngkRrT6DpxTr0fVtU_K0mbud0M_81zOdmkVAPQsGORiu8L8yUg4lkYiaboop3OlmgRjl42Q5dbSxotktlm78_WcpFFsklrdT1E56-JVawJTYABjKgt3w3krArLm0eQZp8MZCKIdvYkCRLoZUEqCoB2NLdABoh0MXVtjvAGflXaoVJNMcDwtRszDC8Rf-k4M\" data-hovercard=\"\/ajax\/hovercard\/page.php?id=124747057584202&amp;extragetparams=%7B%22__tn__%22%3A%22%2CdK-R-R%22%2C%22eid%22%3A%22ARBaBZctYMlVO4Nhggd4FKrhmQFCmjVqvrqbpmkw5YxfZf7Fo9vnoDazgAyYpWaLn8uvBLh-H-7x0IAV%22%2C%22fref%22%3A%22mentions%22%7D\" data-hovercard-prefer-more-content-show=\"1\">BK Troms\u00f8<\/a>\u00a0og Troms\u00f8 Storm.<\/p>\n<p>Idrettsglede for alle &#8211; det er Norges idrettsforbunds visjon. Da kan ikke idretten v\u00e6re bekjent med at noen ikke f\u00f8lger seg respektert, trygge eller velkomne for den man er. Heller ikke knyttet til seksuell legning og identitet. Noen idretter er helt &laquo;utrensket&raquo; for homofile, og statistisk sett s\u00e5 skal det ikke v\u00e6re mulig. Derfor er det viktig at trenere og ledere gir tydelig signal om at ihele idretten tar avstand fra homohets og annen diskriminering. Derfor var det som idretten gjorde f\u00f8r og under pride-uka s\u00e5 utrolig viktig.<\/p>\n<p>Derfor vil jeg gi uttrykke en velfortjent gratulasjon til\u00a0<a class=\"profileLink\" href=\"https:\/\/www.facebook.com\/tromsidrettskrets\/?__tn__=K-R&amp;eid=ARCpqKhQ3mHdJjS5haWxo7ho-cPPO3iYfTlLnajq03XfCONGPZWx88vXAGAujcCMpQ1OAPrLYNYBzOGC&amp;fref=mentions&amp;__xts__%5B0%5D=68.ARA_2sdNRgvJ70q1IWJy-zClSJnPNwz0OQQMClFwMC9oiegYGOfULQIfmgvl2f-YgwJwSTh9QxNb0gv5-SnHn420XdfuL7lSW_wdX0O_YLqIjphYtHOcJHWLuQ0H-5n74pJX7mh3p1XX6BSvd8sBOUwESMWwBQ2mI5ovB-No-T1V5jkC8yKkwHyiL4IS514xrfcrMp0aeKKPXtT7A4rF0MMi3QT-g7jjsLpycHo8DSi5gsUMkuAVTt0YSgCeGddyRjU6W5YrC2bCMcdYOHuALwCkKp5ojbxKwAalzsrOTwaTkuuP3yVYoCroCc5BQvuQJZtKBlnoerjYkGtAmFEhddI\" data-hovercard=\"\/ajax\/hovercard\/page.php?id=147787831940938&amp;extragetparams=%7B%22__tn__%22%3A%22%2CdK-R-R%22%2C%22eid%22%3A%22ARCpqKhQ3mHdJjS5haWxo7ho-cPPO3iYfTlLnajq03XfCONGPZWx88vXAGAujcCMpQ1OAPrLYNYBzOGC%22%2C%22fref%22%3A%22mentions%22%7D\" data-hovercard-prefer-more-content-show=\"1\">Troms idrettskrets<\/a>,\u00a0<a class=\"profileLink\" href=\"https:\/\/www.facebook.com\/Troms-Fotballkrets-162189703809031\/?__tn__=K-R&amp;eid=ARBCV8DHwi78rARzxHL1uFZBnRBvuj15uXRVNsQyD0hRHd-qfvD9djUb_mwl4hzxphC0yx--VOuvkqxl&amp;fref=mentions&amp;__xts__%5B0%5D=68.ARA_2sdNRgvJ70q1IWJy-zClSJnPNwz0OQQMClFwMC9oiegYGOfULQIfmgvl2f-YgwJwSTh9QxNb0gv5-SnHn420XdfuL7lSW_wdX0O_YLqIjphYtHOcJHWLuQ0H-5n74pJX7mh3p1XX6BSvd8sBOUwESMWwBQ2mI5ovB-No-T1V5jkC8yKkwHyiL4IS514xrfcrMp0aeKKPXtT7A4rF0MMi3QT-g7jjsLpycHo8DSi5gsUMkuAVTt0YSgCeGddyRjU6W5YrC2bCMcdYOHuALwCkKp5ojbxKwAalzsrOTwaTkuuP3yVYoCroCc5BQvuQJZtKBlnoerjYkGtAmFEhddI\" data-hovercard=\"\/ajax\/hovercard\/page.php?id=162189703809031&amp;extragetparams=%7B%22__tn__%22%3A%22%2CdK-R-R%22%2C%22eid%22%3A%22ARBCV8DHwi78rARzxHL1uFZBnRBvuj15uXRVNsQyD0hRHd-qfvD9djUb_mwl4hzxphC0yx--VOuvkqxl%22%2C%22fref%22%3A%22mentions%22%7D\" data-hovercard-prefer-more-content-show=\"1\">Troms Fotballkrets<\/a>\u00a0og\u00a0<a class=\"profileLink\" href=\"https:\/\/www.facebook.com\/tromsoidrett\/?__tn__=K-R&amp;eid=ARDUf-BCpJinhWlEshFJu-0eKxoSmOX2bcUrL8GTopRnDBO3eGCVQbepGpsseTdsJeAtgCdDL-e35uGl&amp;fref=mentions&amp;__xts__%5B0%5D=68.ARA_2sdNRgvJ70q1IWJy-zClSJnPNwz0OQQMClFwMC9oiegYGOfULQIfmgvl2f-YgwJwSTh9QxNb0gv5-SnHn420XdfuL7lSW_wdX0O_YLqIjphYtHOcJHWLuQ0H-5n74pJX7mh3p1XX6BSvd8sBOUwESMWwBQ2mI5ovB-No-T1V5jkC8yKkwHyiL4IS514xrfcrMp0aeKKPXtT7A4rF0MMi3QT-g7jjsLpycHo8DSi5gsUMkuAVTt0YSgCeGddyRjU6W5YrC2bCMcdYOHuALwCkKp5ojbxKwAalzsrOTwaTkuuP3yVYoCroCc5BQvuQJZtKBlnoerjYkGtAmFEhddI\" data-hovercard=\"\/ajax\/hovercard\/page.php?id=1480045298927554&amp;extragetparams=%7B%22__tn__%22%3A%22%2CdK-R-R%22%2C%22eid%22%3A%22ARDUf-BCpJinhWlEshFJu-0eKxoSmOX2bcUrL8GTopRnDBO3eGCVQbepGpsseTdsJeAtgCdDL-e35uGl%22%2C%22fref%22%3A%22mentions%22%7D\" data-hovercard-prefer-more-content-show=\"1\">Troms\u00f8 Idrettsr\u00e5d\u00a0<\/a>som mottakere av homofrydprisen for 2018, som utdeles av\u00a0<a class=\"profileLink\" href=\"https:\/\/www.facebook.com\/tromsoarcticpride\/?__tn__=K-R&amp;eid=ARC4JxXFYF_TzzDt8v3tKAU26qGzZ1JZbTDCzHqv1E6KKdFKW2K1mdbBq8IcdXNfjdblAFqeXXJZR2EH&amp;fref=mentions&amp;__xts__%5B0%5D=68.ARA_2sdNRgvJ70q1IWJy-zClSJnPNwz0OQQMClFwMC9oiegYGOfULQIfmgvl2f-YgwJwSTh9QxNb0gv5-SnHn420XdfuL7lSW_wdX0O_YLqIjphYtHOcJHWLuQ0H-5n74pJX7mh3p1XX6BSvd8sBOUwESMWwBQ2mI5ovB-No-T1V5jkC8yKkwHyiL4IS514xrfcrMp0aeKKPXtT7A4rF0MMi3QT-g7jjsLpycHo8DSi5gsUMkuAVTt0YSgCeGddyRjU6W5YrC2bCMcdYOHuALwCkKp5ojbxKwAalzsrOTwaTkuuP3yVYoCroCc5BQvuQJZtKBlnoerjYkGtAmFEhddI\" data-hovercard=\"\/ajax\/hovercard\/page.php?id=941482085873953&amp;extragetparams=%7B%22__tn__%22%3A%22%2CdK-R-R%22%2C%22eid%22%3A%22ARC4JxXFYF_TzzDt8v3tKAU26qGzZ1JZbTDCzHqv1E6KKdFKW2K1mdbBq8IcdXNfjdblAFqeXXJZR2EH%22%2C%22fref%22%3A%22mentions%22%7D\" data-hovercard-prefer-more-content-show=\"1\">Troms\u00f8 Arctic Pride<\/a>. Idrettsorganisasjonene fikk prisen for sitt banebrytende og holdningsskapende arbeid for \u00e5 bekjempe homofobi og aktivt jobbe for st\u00f8rre aksept for ulikheter. Bl.a. alts\u00e5 utdele idrettens regnbuekort mot homofrykt p\u00e5 tre elitekamper forrige helg.<\/p>\n<p><a href=\"https:\/\/jarleheitmann.no\/index.php\/2018\/02\/01\/endelig-vedtatt-handlingsplan-kjonns-seksualitetsmangfold\/\" target=\"_blank\" rel=\"noopener\">JarleHeitmann.no 1.2.18: Endelig vedtatt handlingsplan for kj\u00f8nns- og seksualitetsmangfold<\/a><\/p>\n<p>Som en av mottakerne av fjor\u00e5rets pris i 2017, synes jeg idretten f\u00e5r prisen velfortjent, fordi idretten alts\u00e5 e<span class=\"text_exposed_show\">r en av de siste arenaene hvor akkurat &laquo;homofrykt&raquo; fortsatt sitter godt i. N\u00e5r idrettens organisasjoner tar tak i dette selv for \u00e5 endre holdninger, f\u00e5r det stor effekt. Arbeidet passer ogs\u00e5 perfekt inn i den handlingsplanen for seksualitets- og kj\u00f8nnsmangfold som vi vedtok i\u00a0<a class=\"profileLink\" href=\"https:\/\/www.facebook.com\/tromsokommune\/?__tn__=K-R&amp;eid=ARCLwJPA9I5LfL7OzaKJBK-jFRgVLdAOO9VqPYsCMVIDh_APlR13LMLs5mle7PpyoyizNP2ZwjWcrLEP&amp;fref=mentions&amp;__xts__%5B0%5D=68.ARA_2sdNRgvJ70q1IWJy-zClSJnPNwz0OQQMClFwMC9oiegYGOfULQIfmgvl2f-YgwJwSTh9QxNb0gv5-SnHn420XdfuL7lSW_wdX0O_YLqIjphYtHOcJHWLuQ0H-5n74pJX7mh3p1XX6BSvd8sBOUwESMWwBQ2mI5ovB-No-T1V5jkC8yKkwHyiL4IS514xrfcrMp0aeKKPXtT7A4rF0MMi3QT-g7jjsLpycHo8DSi5gsUMkuAVTt0YSgCeGddyRjU6W5YrC2bCMcdYOHuALwCkKp5ojbxKwAalzsrOTwaTkuuP3yVYoCroCc5BQvuQJZtKBlnoerjYkGtAmFEhddI\" data-hovercard=\"\/ajax\/hovercard\/page.php?id=137281426355834&amp;extragetparams=%7B%22__tn__%22%3A%22%2CdK-R-R%22%2C%22eid%22%3A%22ARCLwJPA9I5LfL7OzaKJBK-jFRgVLdAOO9VqPYsCMVIDh_APlR13LMLs5mle7PpyoyizNP2ZwjWcrLEP%22%2C%22fref%22%3A%22mentions%22%7D\" data-hovercard-prefer-more-content-show=\"1\">Troms\u00f8 kommune<\/a>\u00a0i 2017, og som alts\u00e5 var bakgrunnen for at jeg var med \u00e5 vinne prisen i fjor.<\/span><\/p>\n<p>&nbsp;<\/p>\n","protected":false},"excerpt":{"rendered":"<p>P\u00e5 siste hjemmekamp p\u00e5 Alfheim Stadion bidro Troms\u00f8 IL til \u00e5 ta en klar holdning mot homohets, etter initiativ fra\u00a0idretten i Troms\u00f8 og Troms idrettskrets.<\/p>\n","protected":false},"author":2,"featured_media":2424,"comment_status":"open","ping_status":"open","sticky":false,"template":"","format":"standard","meta":{"jetpack_post_was_ever_published":false,"_jetpack_newsletter_access":"","_jetpack_dont_email_post_to_subs":false,"_jetpack_newsletter_tier_id":0,"_jetpack_memberships_contains_paywalled_content":false,"_jetpack_memberships_contains_paid_content":false,"footnotes":"","jetpack_publicize_message":"","jetpack_publicize_feature_enabled":true,"jetpack_social_post_already_shared":true,"jetpack_social_options":{"image_generator_settings":{"template":"highway","default_image_id":0,"font":"","enabled":false},"version":2}},"categories":[162],"tags":[613,611,651,62,163,159,650,12],"class_list":["post-2423","post","type-post","status-publish","format-standard","has-post-thumbnail","hentry","category-mangfold","tag-antirasisme","tag-fri-tromso","tag-homofil","tag-idrett","tag-mangfold","tag-pride","tag-tromso-arctic-pride","tag-tromso-kommune"],"jetpack_publicize_connections":[],"jetpack_featured_media_url":"https:\/\/i0.wp.com\/jarleheitmann.no\/wp-content\/uploads\/2018\/11\/45367027_977471255793991_3796294315597103104_n.jpg?fit=720%2C960&ssl=1","jetpack_sharing_enabled":true,"jetpack_shortlink":"https:\/\/wp.me\/p6OCVj-D5","jetpack-related-posts":[],"_links":{"self":[{"href":"https:\/\/jarleheitmann.no\/index.php\/wp-json\/wp\/v2\/posts\/2423","targetHints":{"allow":["GET"]}}],"collection":[{"href":"https:\/\/jarleheitmann.no\/index.php\/wp-json\/wp\/v2\/posts"}],"about":[{"href":"https:\/\/jarleheitmann.no\/index.php\/wp-json\/wp\/v2\/types\/post"}],"author":[{"embeddable":true,"href":"https:\/\/jarleheitmann.no\/index.php\/wp-json\/wp\/v2\/users\/2"}],"replies":[{"embeddable":true,"href":"https:\/\/jarleheitmann.no\/index.php\/wp-json\/wp\/v2\/comments?post=2423"}],"version-history":[{"count":3,"href":"https:\/\/jarleheitmann.no\/index.php\/wp-json\/wp\/v2\/posts\/2423\/revisions"}],"predecessor-version":[{"id":2445,"href":"https:\/\/jarleheitmann.no\/index.php\/wp-json\/wp\/v2\/posts\/2423\/revisions\/2445"}],"wp:featuredmedia":[{"embeddable":true,"href":"https:\/\/jarleheitmann.no\/index.php\/wp-json\/wp\/v2\/media\/2424"}],"wp:attachment":[{"href":"https:\/\/jarleheitmann.no\/index.php\/wp-json\/wp\/v2\/media?parent=2423"}],"wp:term":[{"taxonomy":"category","embeddable":true,"href":"https:\/\/jarleheitmann.no\/index.php\/wp-json\/wp\/v2\/categories?post=2423"},{"taxonomy":"post_tag","embeddable":true,"href":"https:\/\/jarleheitmann.no\/index.php\/wp-json\/wp\/v2\/tags?post=2423"}],"curies":[{"name":"wp","href":"https:\/\/api.w.org\/{rel}","templated":true}]}}