{"id":2376,"date":"2018-09-21T11:31:06","date_gmt":"2018-09-21T09:31:06","guid":{"rendered":"http:\/\/jarleheitmann.no\/?p=2376"},"modified":"2018-09-21T16:07:45","modified_gmt":"2018-09-21T14:07:45","slug":"kringvern-rundt-unn","status":"publish","type":"post","link":"https:\/\/jarleheitmann.no\/index.php\/2018\/09\/21\/kringvern-rundt-unn\/","title":{"rendered":"Vi m\u00e5 sl\u00e5 kringvern rundt UNN!"},"content":{"rendered":"<p><a href=\"https:\/\/i0.wp.com\/jarleheitmann.no\/wp-content\/uploads\/2018\/09\/Rapport-1.jpg?ssl=1\"><img data-recalc-dims=\"1\" loading=\"lazy\" decoding=\"async\" data-attachment-id=\"2378\" data-permalink=\"https:\/\/jarleheitmann.no\/index.php\/2018\/09\/21\/kringvern-rundt-unn\/rapport-2\/\" data-orig-file=\"https:\/\/i0.wp.com\/jarleheitmann.no\/wp-content\/uploads\/2018\/09\/Rapport-1-e1537522425471.jpg?fit=250%2C339&amp;ssl=1\" data-orig-size=\"250,339\" data-comments-opened=\"1\" data-image-meta=\"{&quot;aperture&quot;:&quot;0&quot;,&quot;credit&quot;:&quot;&quot;,&quot;camera&quot;:&quot;&quot;,&quot;caption&quot;:&quot;&quot;,&quot;created_timestamp&quot;:&quot;0&quot;,&quot;copyright&quot;:&quot;&quot;,&quot;focal_length&quot;:&quot;0&quot;,&quot;iso&quot;:&quot;0&quot;,&quot;shutter_speed&quot;:&quot;0&quot;,&quot;title&quot;:&quot;&quot;,&quot;orientation&quot;:&quot;0&quot;}\" data-image-title=\"Rapport\" data-image-description=\"\" data-image-caption=\"\" data-medium-file=\"https:\/\/i0.wp.com\/jarleheitmann.no\/wp-content\/uploads\/2018\/09\/Rapport-1-e1537522425471.jpg?fit=221%2C300&amp;ssl=1\" data-large-file=\"https:\/\/i0.wp.com\/jarleheitmann.no\/wp-content\/uploads\/2018\/09\/Rapport-1-e1537522425471.jpg?fit=250%2C339&amp;ssl=1\" class=\"alignleft size-medium wp-image-2378\" src=\"https:\/\/i0.wp.com\/jarleheitmann.no\/wp-content\/uploads\/2018\/09\/Rapport-1.jpg?resize=221%2C300&#038;ssl=1\" alt=\"\" width=\"221\" height=\"300\" \/><\/a>Onsdag ble rapporten om\u00a0hendelsesforl\u00f8pet i avgangen til tidligere UNN-direkt\u00f8r Tor Ingebrigtsen lagt frem. Jeg var tilstede p\u00e5 fremleggelsen og ble enda mer bekymret enn tidligere for UNN.<br \/>\n<!--more--><\/p>\n<p><a href=\"https:\/\/unn.no\/Documents\/Om-oss\/Utredninger%20etc\/Rapport%20lederskifte%20februar%202018\/Rapport%20-%20vurdering%20av%20lederskifte%20ved%20UNN.pdf\" target=\"_blank\" rel=\"noopener\"><strong>Last ned og les den eksterne rapporten fra PWC 19.9.18.<\/strong><\/a><\/p>\n<p>Jeg er bekymret fordi det er blitt\u00a0 synlig, at vi ser fors\u00f8ket p\u00e5 en bevist dekonstruksjon av UNN &#8211; bit for bit. P\u00e5 en rekke fagomr\u00e5der, har det over mange ti\u00e5r v\u00e6rt bygd opp avanserte medisinske tilbud p\u00e5 universitetsklinikk-niv\u00e5 ved UNN. Det har v\u00e6rt et klart politisk m\u00e5l, at disse skal v\u00e6re like god som i resten av landet. Tanken har v\u00e6rt \u00ab\u00f8velse gj\u00f8r mester\u00bb og de aller vanskeligste medisinke prosedyrene krever \u00f8velser og atter \u00f8velse, som forutsetter et volum som i praksis betyr at befolkningen som skal betjenes m\u00e5 ha en viss st\u00f8rrelse. I Nord-Norge har dette betydd en betydelig lojalitet til at pasienter sendes til UNN og ikke til en s\u00f8r-norsk universitetsklinikk. \u00a0Derfor har vi da ogs\u00e5 fagmilj\u00f8er ved UNN, som holder h\u00f8y medisinsk standard.<\/p>\n<p><a href=\"https:\/\/www.nordlys.no\/helse-nord\/pci\/unn\/pwc-rapport-brudd-pa-helseforetaksloven-og-god-lederpraksis\/s\/5-34-961233\" target=\"_blank\" rel=\"noopener\">Bladet Nordlys 19.9.18:\u00a0PwC-rapport: Brudd p\u00e5 helseforetaksloven og god lederpraksis<\/a><br \/>\n<a href=\"http:\/\/nordnorskdebatt.no\/article\/helse-nord-pa-nullpunktet\" target=\"_blank\" rel=\"noopener\">Kommentar fra politisk redakt\u00f8r Skjalg Fjellheim 19.9.18: Det trengs en rundvask<\/a><\/p>\n<figure id=\"attachment_2379\" aria-describedby=\"caption-attachment-2379\" style=\"width: 150px\" class=\"wp-caption alignright\"><a href=\"https:\/\/i0.wp.com\/jarleheitmann.no\/wp-content\/uploads\/2018\/09\/Pressekonferanse2.jpg?ssl=1\"><img data-recalc-dims=\"1\" loading=\"lazy\" decoding=\"async\" data-attachment-id=\"2379\" data-permalink=\"https:\/\/jarleheitmann.no\/index.php\/2018\/09\/21\/kringvern-rundt-unn\/pressekonferanse2\/\" data-orig-file=\"https:\/\/i0.wp.com\/jarleheitmann.no\/wp-content\/uploads\/2018\/09\/Pressekonferanse2-e1537521737398.jpg?fit=1160%2C1544&amp;ssl=1\" data-orig-size=\"1160,1544\" data-comments-opened=\"1\" data-image-meta=\"{&quot;aperture&quot;:&quot;0&quot;,&quot;credit&quot;:&quot;&quot;,&quot;camera&quot;:&quot;&quot;,&quot;caption&quot;:&quot;&quot;,&quot;created_timestamp&quot;:&quot;0&quot;,&quot;copyright&quot;:&quot;&quot;,&quot;focal_length&quot;:&quot;0&quot;,&quot;iso&quot;:&quot;0&quot;,&quot;shutter_speed&quot;:&quot;0&quot;,&quot;title&quot;:&quot;&quot;,&quot;orientation&quot;:&quot;0&quot;}\" data-image-title=\"Pressekonferanse2\" data-image-description=\"\" data-image-caption=\"&lt;p&gt;Tilstede p\u00e5 pressekonferansen onsdag 19.9.18 p\u00e5 Radisson BLU Hotel, Troms\u00f8.&lt;\/p&gt;\n\" data-medium-file=\"https:\/\/i0.wp.com\/jarleheitmann.no\/wp-content\/uploads\/2018\/09\/Pressekonferanse2-e1537521737398.jpg?fit=225%2C300&amp;ssl=1\" data-large-file=\"https:\/\/i0.wp.com\/jarleheitmann.no\/wp-content\/uploads\/2018\/09\/Pressekonferanse2-e1537521737398.jpg?fit=769%2C1024&amp;ssl=1\" class=\"wp-image-2379 size-thumbnail\" src=\"https:\/\/i0.wp.com\/jarleheitmann.no\/wp-content\/uploads\/2018\/09\/Pressekonferanse2-e1537521737398-150x150.jpg?resize=150%2C150&#038;ssl=1\" alt=\"\" width=\"150\" height=\"150\" srcset=\"https:\/\/i0.wp.com\/jarleheitmann.no\/wp-content\/uploads\/2018\/09\/Pressekonferanse2-e1537521737398.jpg?resize=150%2C150&amp;ssl=1 150w, https:\/\/i0.wp.com\/jarleheitmann.no\/wp-content\/uploads\/2018\/09\/Pressekonferanse2-e1537521737398.jpg?zoom=2&amp;resize=150%2C150&amp;ssl=1 300w, https:\/\/i0.wp.com\/jarleheitmann.no\/wp-content\/uploads\/2018\/09\/Pressekonferanse2-e1537521737398.jpg?zoom=3&amp;resize=150%2C150&amp;ssl=1 450w\" sizes=\"auto, (max-width: 150px) 100vw, 150px\" \/><\/a><figcaption id=\"caption-attachment-2379\" class=\"wp-caption-text\">Tilstede p\u00e5 pressekonferansen onsdag 19.9.18 p\u00e5 Radisson BLU Hotel, Troms\u00f8.<\/figcaption><\/figure>\n<p>Helse Nord sitt vedtak i PCI-saken, om \u00e5 dele et allerede lite befolkningsgrunnlag i to var i en slik ramme sterkt urovekkende. P\u00e5 sikt mener fagmilj\u00f8et ved UNN, at vi f\u00e5r svakere grunnlag for PCI i b\u00e5de Bod\u00f8 og UNN. Det burde man lytte til, for der sitter faktisk landsdelens fremste eksperter p\u00e5 dette omr\u00e5det.<br \/>\nJeg h\u00e5per vedtaket i Helse-Nord var et enkeltst\u00e5ende feilsteg som kan rettes opp og som ikke f\u00e5r konsekvenser for tenkningen fremover. Fremleggelsen av rapporten gjorde meg mer bekymret i s\u00e5 m\u00e5te.<\/p>\n<figure id=\"attachment_2380\" aria-describedby=\"caption-attachment-2380\" style=\"width: 150px\" class=\"wp-caption alignleft\"><a href=\"https:\/\/i0.wp.com\/jarleheitmann.no\/wp-content\/uploads\/2018\/09\/Pressekonferanse.jpg?ssl=1\"><img data-recalc-dims=\"1\" loading=\"lazy\" decoding=\"async\" data-attachment-id=\"2380\" data-permalink=\"https:\/\/jarleheitmann.no\/index.php\/2018\/09\/21\/kringvern-rundt-unn\/pressekonferanse\/\" data-orig-file=\"https:\/\/i0.wp.com\/jarleheitmann.no\/wp-content\/uploads\/2018\/09\/Pressekonferanse.jpg?fit=807%2C605&amp;ssl=1\" data-orig-size=\"807,605\" data-comments-opened=\"1\" data-image-meta=\"{&quot;aperture&quot;:&quot;0&quot;,&quot;credit&quot;:&quot;&quot;,&quot;camera&quot;:&quot;&quot;,&quot;caption&quot;:&quot;&quot;,&quot;created_timestamp&quot;:&quot;0&quot;,&quot;copyright&quot;:&quot;&quot;,&quot;focal_length&quot;:&quot;0&quot;,&quot;iso&quot;:&quot;0&quot;,&quot;shutter_speed&quot;:&quot;0&quot;,&quot;title&quot;:&quot;&quot;,&quot;orientation&quot;:&quot;0&quot;}\" data-image-title=\"Pressekonferanse\" data-image-description=\"\" data-image-caption=\"&lt;p&gt;Pressekonferanse om PWC-rapporten.&lt;\/p&gt;\n\" data-medium-file=\"https:\/\/i0.wp.com\/jarleheitmann.no\/wp-content\/uploads\/2018\/09\/Pressekonferanse.jpg?fit=300%2C225&amp;ssl=1\" data-large-file=\"https:\/\/i0.wp.com\/jarleheitmann.no\/wp-content\/uploads\/2018\/09\/Pressekonferanse.jpg?fit=807%2C605&amp;ssl=1\" class=\"size-thumbnail wp-image-2380\" src=\"https:\/\/i0.wp.com\/jarleheitmann.no\/wp-content\/uploads\/2018\/09\/Pressekonferanse.jpg?resize=150%2C150&#038;ssl=1\" alt=\"\" width=\"150\" height=\"150\" srcset=\"https:\/\/i0.wp.com\/jarleheitmann.no\/wp-content\/uploads\/2018\/09\/Pressekonferanse.jpg?resize=150%2C150&amp;ssl=1 150w, https:\/\/i0.wp.com\/jarleheitmann.no\/wp-content\/uploads\/2018\/09\/Pressekonferanse.jpg?zoom=2&amp;resize=150%2C150&amp;ssl=1 300w, https:\/\/i0.wp.com\/jarleheitmann.no\/wp-content\/uploads\/2018\/09\/Pressekonferanse.jpg?zoom=3&amp;resize=150%2C150&amp;ssl=1 450w\" sizes=\"auto, (max-width: 150px) 100vw, 150px\" \/><\/a><figcaption id=\"caption-attachment-2380\" class=\"wp-caption-text\">Pressekonferanse om PWC-rapporten.<\/figcaption><\/figure>\n<p><a href=\"https:\/\/www.itromso.no\/nyheter\/2018\/09\/19\/Seks-alvorlige-lovbrudd-i-Ingebrigtsen-saken-17542540.ece\" target=\"_blank\" rel=\"noopener\">iTroms\u00f8 19.9.18:\u00a0<span class=\"t100\">Seks alvorlige lovbrudd i Ingebrigtsen-saken<\/span><\/a><br \/>\n<a href=\"https:\/\/www.nordlys.no\/helse-nord\/unn\/tromso\/krevde-uavhengig-gransking-sjokkerende-bekreftelse-pa-noe-vi-har-hevdet-lenge\/s\/5-34-961920\" target=\"_blank\" rel=\"noopener\">Bladet Nordlys 19.9.18:\u00a0Krevde uavhengig gransking: \u2013 Sjokkerende bekreftelse p\u00e5 noe vi har hevdet lenge<\/a><\/p>\n<p>Rapporten avdekker at Helse Nord- styret, som inntil da hadde v\u00e6rt delt i PCI-saken, p\u00e5 samme styresamling som de skulle behandle denne saken (12.-13.12.17), fikk opplysninger om at det var fremkommet trusler og fra hvem. Det gjengis sitater fra deltakere om at &laquo;<em>flere i styret reagerte kraft<\/em>ig&raquo; og &laquo;<em>Styret ble ganske opphisset, de oppfattet at dette var et angrep p\u00e5 hele styret&#8230;<\/em>&laquo;. \u00c5 tro at styremedlemmene ikke ble p\u00e5virket av dette, er naivt. Det vil for all fremtid v\u00e6re en usikkerhet om hva som gjorde at et styre som inntil da hadde v\u00e6rt ganske delt, fremsto som relativt enstemmig i vedtaket om PCI. Dermed kan man ikke ha tillit til at Helse Nord- styret har gjort sitt vedtak p\u00e5 rene medisinskfaglige og foretaks\u00f8konomiske hensyn.<\/p>\n<blockquote><p><strong>For \u00e5 skape tillit til vedtaket, ogs\u00e5 her i Troms\u00f8 og ved UNN, m\u00e5 Helse-Nord styret n\u00e5 behandle saken om PCI p\u00e5 nytt.\u00a0<\/strong><\/p><\/blockquote>\n<p>Det andre som gj\u00f8r at jeg ble mer bekymret, er den holdning og de metoder personer tilknyttet Helse Nord er villige til \u00e5 bruke, for \u00e5 ta UNN. N\u00e5r man benytter anledningen til \u00e5 bruke en slik sak p\u00e5 en m\u00e5te som ikke er forsvarlig -verken styringsmessig p\u00e5 foretaksniv\u00e5 eller rent personalsaksmessig &#8211; for \u00e5 p\u00e5virke Helse Nord til \u00e5 ta avgj\u00f8relser som svekker n\u00f8ye opprettede fagmilj\u00f8er ved UNN, da er det en bevisst dekonstruksjon.<\/p>\n<blockquote><p><strong>Da mener jeg man er vitne til en bevist dekonstruksjon av UNN &#8211; bit for bit.<\/strong><\/p><\/blockquote>\n<p>Det er flere vitnesbyrd fra tillitsvalgte og fagpersoner ved UNN, som skaper bekymring for at dette n\u00e5 skjer p\u00e5 andre fagomr\u00e5der. Da snakker vi om at det skjer bit-for-bit. Det skal vi som er Troms\u00f8-politikere IKKE akseptere.<\/p>\n<blockquote><p><strong>Tiden er inne for at vi som politiske ledere i Troms\u00f8 stiller opp for UNN og sier klart i fra &#8211; vi aksepterer IKKE en bevist dekonstruksjon av UNN og dets fagmilj\u00f8er. Vi sl\u00e5r kringvern rundt UNN!<\/strong><\/p><\/blockquote>\n<p>Jeg vil nevne at jeg p\u00e5 pressekonferansen fikk et godt inntrykk av UNNs nye styreleder Ansgar Gabrielsen. Han var klinke klar p\u00e5 at den viktigste rollen til styret p\u00e5 UNN er \u00e5 ansette og ivareta arbeidsgiveransvaret for den administrerende direkt\u00f8ren, og slik vil det v\u00e6re i hvert fall s\u00e5 lenge han var styreleder. I tillegg p\u00e5pekte han at vi m\u00e5 komme videre. Dette ga tillit til at Ansgar Gabrielsen vil klare \u00e5 s\u00f8rge for at UNNs fagmlj\u00f8er blir sikret og at fremtidig fors\u00f8k p\u00e5 dekonstruksjon blir sl\u00e5tt tilbake.<\/p>\n<p><a href=\"http:\/\/nordnorskdebatt.no\/article\/vi-ma-sla-kringvern-rundt-unn\" target=\"_blank\" rel=\"noopener\">Innlegget er ogs\u00e5 publisert p\u00e5 Nord-norsk debatt 21.9.18<\/a><\/p>\n<p>&nbsp;<\/p>\n","protected":false},"excerpt":{"rendered":"<p>Onsdag ble rapporten om\u00a0hendelsesforl\u00f8pet i avgangen til tidligere UNN-direkt\u00f8r Tor Ingebrigtsen lagt frem. Jeg var tilstede p\u00e5 fremleggelsen og ble enda mer bekymret enn tidligere for UNN.<\/p>\n","protected":false},"author":2,"featured_media":2378,"comment_status":"open","ping_status":"open","sticky":false,"template":"","format":"standard","meta":{"jetpack_post_was_ever_published":false,"_jetpack_newsletter_access":"","_jetpack_dont_email_post_to_subs":false,"_jetpack_newsletter_tier_id":0,"_jetpack_memberships_contains_paywalled_content":false,"_jetpack_memberships_contains_paid_content":false,"footnotes":"","jetpack_publicize_message":"","jetpack_publicize_feature_enabled":true,"jetpack_social_post_already_shared":true,"jetpack_social_options":{"image_generator_settings":{"template":"highway","default_image_id":0,"font":"","enabled":false},"version":2}},"categories":[32],"tags":[939,181,180,373,37],"class_list":["post-2376","post","type-post","status-publish","format-standard","has-post-thumbnail","hentry","category-helsepolitikk","tag-dekonstruksjon","tag-helse-nord","tag-pci","tag-tor-ingebrigtsen","tag-unn"],"jetpack_publicize_connections":[],"jetpack_featured_media_url":"https:\/\/i0.wp.com\/jarleheitmann.no\/wp-content\/uploads\/2018\/09\/Rapport-1-e1537522425471.jpg?fit=250%2C339&ssl=1","jetpack_sharing_enabled":true,"jetpack_shortlink":"https:\/\/wp.me\/p6OCVj-Ck","jetpack-related-posts":[],"_links":{"self":[{"href":"https:\/\/jarleheitmann.no\/index.php\/wp-json\/wp\/v2\/posts\/2376","targetHints":{"allow":["GET"]}}],"collection":[{"href":"https:\/\/jarleheitmann.no\/index.php\/wp-json\/wp\/v2\/posts"}],"about":[{"href":"https:\/\/jarleheitmann.no\/index.php\/wp-json\/wp\/v2\/types\/post"}],"author":[{"embeddable":true,"href":"https:\/\/jarleheitmann.no\/index.php\/wp-json\/wp\/v2\/users\/2"}],"replies":[{"embeddable":true,"href":"https:\/\/jarleheitmann.no\/index.php\/wp-json\/wp\/v2\/comments?post=2376"}],"version-history":[{"count":3,"href":"https:\/\/jarleheitmann.no\/index.php\/wp-json\/wp\/v2\/posts\/2376\/revisions"}],"predecessor-version":[{"id":2396,"href":"https:\/\/jarleheitmann.no\/index.php\/wp-json\/wp\/v2\/posts\/2376\/revisions\/2396"}],"wp:featuredmedia":[{"embeddable":true,"href":"https:\/\/jarleheitmann.no\/index.php\/wp-json\/wp\/v2\/media\/2378"}],"wp:attachment":[{"href":"https:\/\/jarleheitmann.no\/index.php\/wp-json\/wp\/v2\/media?parent=2376"}],"wp:term":[{"taxonomy":"category","embeddable":true,"href":"https:\/\/jarleheitmann.no\/index.php\/wp-json\/wp\/v2\/categories?post=2376"},{"taxonomy":"post_tag","embeddable":true,"href":"https:\/\/jarleheitmann.no\/index.php\/wp-json\/wp\/v2\/tags?post=2376"}],"curies":[{"name":"wp","href":"https:\/\/api.w.org\/{rel}","templated":true}]}}