{"id":2317,"date":"2018-08-21T18:08:16","date_gmt":"2018-08-21T16:08:16","guid":{"rendered":"http:\/\/jarleheitmann.no\/?p=2317"},"modified":"2018-08-30T00:12:10","modified_gmt":"2018-08-29T22:12:10","slug":"jeg-tar-gjenvalg","status":"publish","type":"post","link":"https:\/\/jarleheitmann.no\/index.php\/2018\/08\/21\/jeg-tar-gjenvalg\/","title":{"rendered":"Jeg tar gjenvalg!"},"content":{"rendered":"<figure id=\"attachment_2318\" aria-describedby=\"caption-attachment-2318\" style=\"width: 282px\" class=\"wp-caption alignleft\"><a href=\"https:\/\/i0.wp.com\/jarleheitmann.no\/wp-content\/uploads\/2018\/08\/Faksimile-iTromso-nett-210818.jpg?ssl=1\"><img data-recalc-dims=\"1\" loading=\"lazy\" decoding=\"async\" data-attachment-id=\"2318\" data-permalink=\"https:\/\/jarleheitmann.no\/index.php\/2018\/08\/21\/jeg-tar-gjenvalg\/faksimile-itromso-nett-210818\/\" data-orig-file=\"https:\/\/i0.wp.com\/jarleheitmann.no\/wp-content\/uploads\/2018\/08\/Faksimile-iTromso-nett-210818.jpg?fit=480%2C511&amp;ssl=1\" data-orig-size=\"480,511\" data-comments-opened=\"1\" data-image-meta=\"{&quot;aperture&quot;:&quot;0&quot;,&quot;credit&quot;:&quot;&quot;,&quot;camera&quot;:&quot;&quot;,&quot;caption&quot;:&quot;&quot;,&quot;created_timestamp&quot;:&quot;0&quot;,&quot;copyright&quot;:&quot;&quot;,&quot;focal_length&quot;:&quot;0&quot;,&quot;iso&quot;:&quot;0&quot;,&quot;shutter_speed&quot;:&quot;0&quot;,&quot;title&quot;:&quot;&quot;,&quot;orientation&quot;:&quot;0&quot;}\" data-image-title=\"Faksimile -iTromso-nett-210818\" data-image-description=\"\" data-image-caption=\"&lt;p&gt;Faksimile iTroms\u00f8 nett 21.8.18&lt;\/p&gt;\n\" data-medium-file=\"https:\/\/i0.wp.com\/jarleheitmann.no\/wp-content\/uploads\/2018\/08\/Faksimile-iTromso-nett-210818.jpg?fit=282%2C300&amp;ssl=1\" data-large-file=\"https:\/\/i0.wp.com\/jarleheitmann.no\/wp-content\/uploads\/2018\/08\/Faksimile-iTromso-nett-210818.jpg?fit=480%2C511&amp;ssl=1\" class=\"size-medium wp-image-2318\" src=\"https:\/\/i0.wp.com\/jarleheitmann.no\/wp-content\/uploads\/2018\/08\/Faksimile-iTromso-nett-210818.jpg?resize=282%2C300&#038;ssl=1\" alt=\"\" width=\"282\" height=\"300\" srcset=\"https:\/\/i0.wp.com\/jarleheitmann.no\/wp-content\/uploads\/2018\/08\/Faksimile-iTromso-nett-210818.jpg?resize=282%2C300&amp;ssl=1 282w, https:\/\/i0.wp.com\/jarleheitmann.no\/wp-content\/uploads\/2018\/08\/Faksimile-iTromso-nett-210818.jpg?w=480&amp;ssl=1 480w\" sizes=\"auto, (max-width: 282px) 100vw, 282px\" \/><\/a><figcaption id=\"caption-attachment-2318\" class=\"wp-caption-text\">Faksimile iTroms\u00f8 nett 21.8.18<\/figcaption><\/figure>\n<p>Jeg har tenkt n\u00f8ye og lenge og har n\u00e5 gitt\u00a0<a class=\"profileLink\" href=\"https:\/\/www.facebook.com\/TromsoArbeiderparti\/?fref=mentions&amp;__xts__%5B0%5D=68.ARD3_ToE8KZwa1CrRoMGqrVNbE1CIQrpH0nSFSt_FB_Z8rKphuisz6TZYBNq3-9egh8X4FNAbh3tJCFL7Qw31h90ySCDqBm3eF0UOm3WimuHpUxo_6ko6cQYHlDxMrxcjX-S3eE&amp;__tn__=K-R\" data-hovercard=\"\/ajax\/hovercard\/page.php?id=129829403731255&amp;extragetparams=%7B%22fref%22%3A%22mentions%22%7D\" data-hovercard-prefer-more-content-show=\"1\">Troms\u00f8 Arbeiderparti<\/a>s nominasjonskomit\u00e9 beskjed om at jeg stiller meg disponibel til \u00e5 st\u00e5 p\u00e5 v\u00e5r valgliste for 2019 &#8211; 2023.<br \/>\n<!--more--><br \/>\nN\u00e5r jeg har klargjort dette, f\u00e5r partiet mitt bestemme hvor jeg best kan brukes og uansett om partiet \u00f8nsker meg p\u00e5 f\u00f8rste, fjerde eller 17. plass p\u00e5 lista, stiller jeg opp.<\/p>\n<p>Det inneb\u00e6rer samtidig ogs\u00e5 at jeg har lyst til \u00e5 bli partiets ordf\u00f8rerkandidat og tror jeg har en del kvaliteter som egner seg godt for \u00e5 v\u00e6re ordf\u00f8rer. Jeg har stor tro p\u00e5 valgseier i 2019, fordi vi har sv\u00e6rt gode politiske resultater \u00e5 vise til, som virkelig vil synliggj\u00f8res det neste \u00e5ret.<\/p>\n<p>N\u00e5 m\u00e5 prosessen i partiorganisasjonen g\u00e5 sin gang, og jeg har har en dyp respekt for denne prosessen og at den vil f\u00f8re frem til en liste, som kan danne grunnlag for et solid team p\u00e5 listeforslaget og i det som etterhvert blir v\u00e5r kommunestyregruppe i perioden 2019 -2023.<\/p>\n","protected":false},"excerpt":{"rendered":"<p>Jeg har tenkt n\u00f8ye og lenge og har n\u00e5 gitt\u00a0Troms\u00f8 Arbeiderpartis nominasjonskomit\u00e9 beskjed om at jeg stiller meg disponibel til \u00e5 st\u00e5 p\u00e5 v\u00e5r valgliste for 2019 &#8211; 2023.<\/p>\n","protected":false},"author":2,"featured_media":2318,"comment_status":"open","ping_status":"open","sticky":false,"template":"","format":"standard","meta":{"jetpack_post_was_ever_published":false,"_jetpack_newsletter_access":"","_jetpack_dont_email_post_to_subs":false,"_jetpack_newsletter_tier_id":0,"_jetpack_memberships_contains_paywalled_content":false,"_jetpack_memberships_contains_paid_content":false,"footnotes":"","jetpack_publicize_message":"","jetpack_publicize_feature_enabled":true,"jetpack_social_post_already_shared":true,"jetpack_social_options":{"image_generator_settings":{"template":"highway","default_image_id":0,"font":"","enabled":false},"version":2}},"categories":[6],"tags":[259,10,917,9,114,23,811,12,903,918],"class_list":["post-2317","post","type-post","status-publish","format-standard","has-post-thumbnail","hentry","category-arbeiderpartiet","tag-arbeiderpartiet","tag-formannskap","tag-gjenvalg","tag-kommunestyret","tag-ordforer","tag-tromso","tag-tromso-arbeiderparti","tag-tromso-kommune","tag-valg-2019","tag-valg19"],"jetpack_publicize_connections":[],"jetpack_featured_media_url":"https:\/\/i0.wp.com\/jarleheitmann.no\/wp-content\/uploads\/2018\/08\/Faksimile-iTromso-nett-210818.jpg?fit=480%2C511&ssl=1","jetpack_sharing_enabled":true,"jetpack_shortlink":"https:\/\/wp.me\/p6OCVj-Bn","jetpack-related-posts":[],"_links":{"self":[{"href":"https:\/\/jarleheitmann.no\/index.php\/wp-json\/wp\/v2\/posts\/2317","targetHints":{"allow":["GET"]}}],"collection":[{"href":"https:\/\/jarleheitmann.no\/index.php\/wp-json\/wp\/v2\/posts"}],"about":[{"href":"https:\/\/jarleheitmann.no\/index.php\/wp-json\/wp\/v2\/types\/post"}],"author":[{"embeddable":true,"href":"https:\/\/jarleheitmann.no\/index.php\/wp-json\/wp\/v2\/users\/2"}],"replies":[{"embeddable":true,"href":"https:\/\/jarleheitmann.no\/index.php\/wp-json\/wp\/v2\/comments?post=2317"}],"version-history":[{"count":2,"href":"https:\/\/jarleheitmann.no\/index.php\/wp-json\/wp\/v2\/posts\/2317\/revisions"}],"predecessor-version":[{"id":2327,"href":"https:\/\/jarleheitmann.no\/index.php\/wp-json\/wp\/v2\/posts\/2317\/revisions\/2327"}],"wp:featuredmedia":[{"embeddable":true,"href":"https:\/\/jarleheitmann.no\/index.php\/wp-json\/wp\/v2\/media\/2318"}],"wp:attachment":[{"href":"https:\/\/jarleheitmann.no\/index.php\/wp-json\/wp\/v2\/media?parent=2317"}],"wp:term":[{"taxonomy":"category","embeddable":true,"href":"https:\/\/jarleheitmann.no\/index.php\/wp-json\/wp\/v2\/categories?post=2317"},{"taxonomy":"post_tag","embeddable":true,"href":"https:\/\/jarleheitmann.no\/index.php\/wp-json\/wp\/v2\/tags?post=2317"}],"curies":[{"name":"wp","href":"https:\/\/api.w.org\/{rel}","templated":true}]}}