{"id":2289,"date":"2018-08-10T15:15:41","date_gmt":"2018-08-10T13:15:41","guid":{"rendered":"http:\/\/jarleheitmann.no\/?p=2289"},"modified":"2018-08-10T15:16:41","modified_gmt":"2018-08-10T13:16:41","slug":"sommeren-er-over-400-dager-til-kommunevalget","status":"publish","type":"post","link":"https:\/\/jarleheitmann.no\/index.php\/2018\/08\/10\/sommeren-er-over-400-dager-til-kommunevalget\/","title":{"rendered":"Sommeren er over &#8211; 400 dager til kommunevalget"},"content":{"rendered":"<figure id=\"attachment_2291\" aria-describedby=\"caption-attachment-2291\" style=\"width: 225px\" class=\"wp-caption alignleft\"><a href=\"https:\/\/i0.wp.com\/jarleheitmann.no\/wp-content\/uploads\/2018\/08\/IMG_3612-e1533906604441.jpg?ssl=1\"><img data-recalc-dims=\"1\" loading=\"lazy\" decoding=\"async\" data-attachment-id=\"2291\" data-permalink=\"https:\/\/jarleheitmann.no\/index.php\/2018\/08\/10\/sommeren-er-over-400-dager-til-kommunevalget\/img_3612\/\" data-orig-file=\"https:\/\/i0.wp.com\/jarleheitmann.no\/wp-content\/uploads\/2018\/08\/IMG_3612-e1533906604441.jpg?fit=2320%2C3087&amp;ssl=1\" data-orig-size=\"2320,3087\" data-comments-opened=\"1\" data-image-meta=\"{&quot;aperture&quot;:&quot;0&quot;,&quot;credit&quot;:&quot;&quot;,&quot;camera&quot;:&quot;&quot;,&quot;caption&quot;:&quot;&quot;,&quot;created_timestamp&quot;:&quot;0&quot;,&quot;copyright&quot;:&quot;&quot;,&quot;focal_length&quot;:&quot;0&quot;,&quot;iso&quot;:&quot;0&quot;,&quot;shutter_speed&quot;:&quot;0&quot;,&quot;title&quot;:&quot;&quot;,&quot;orientation&quot;:&quot;0&quot;}\" data-image-title=\"IMG_3612\" data-image-description=\"\" data-image-caption=\"&lt;p&gt;Selfie fra f\u00f8rste formannskapsm\u00f8te etter sommerferien (7.8.18). En god og myndig ordf\u00f8rer Kristin R\u00f8ymo leder m\u00f8tet)&lt;\/p&gt;\n\" data-medium-file=\"https:\/\/i0.wp.com\/jarleheitmann.no\/wp-content\/uploads\/2018\/08\/IMG_3612-e1533906604441.jpg?fit=225%2C300&amp;ssl=1\" data-large-file=\"https:\/\/i0.wp.com\/jarleheitmann.no\/wp-content\/uploads\/2018\/08\/IMG_3612-e1533906604441.jpg?fit=770%2C1024&amp;ssl=1\" class=\"wp-image-2291 size-medium\" src=\"https:\/\/i0.wp.com\/jarleheitmann.no\/wp-content\/uploads\/2018\/08\/IMG_3612-e1533906604441-225x300.jpg?resize=225%2C300&#038;ssl=1\" alt=\"\" width=\"225\" height=\"300\" srcset=\"https:\/\/i0.wp.com\/jarleheitmann.no\/wp-content\/uploads\/2018\/08\/IMG_3612-e1533906604441.jpg?resize=225%2C300&amp;ssl=1 225w, https:\/\/i0.wp.com\/jarleheitmann.no\/wp-content\/uploads\/2018\/08\/IMG_3612-e1533906604441.jpg?resize=768%2C1022&amp;ssl=1 768w, https:\/\/i0.wp.com\/jarleheitmann.no\/wp-content\/uploads\/2018\/08\/IMG_3612-e1533906604441.jpg?resize=770%2C1024&amp;ssl=1 770w, https:\/\/i0.wp.com\/jarleheitmann.no\/wp-content\/uploads\/2018\/08\/IMG_3612-e1533906604441.jpg?resize=750%2C998&amp;ssl=1 750w\" sizes=\"auto, (max-width: 225px) 100vw, 225px\" \/><\/a><figcaption id=\"caption-attachment-2291\" class=\"wp-caption-text\">Selfie fra f\u00f8rste formannskapsm\u00f8te etter sommerferien (7.8.18). En god og myndig ordf\u00f8rer Kristin R\u00f8ymo leder m\u00f8tet)<\/figcaption><\/figure>\n<p>Denne uka begynte det politiske Troms\u00f8 s\u00e5 sm\u00e5tt \u00e5 v\u00e5kne fra sommerdvalen, ved at formannskapet hadde sitt f\u00f8rste m\u00f8te etter sommerferien. Da er det p\u00e5 tide \u00e5 &laquo;fyre&raquo; opp igjen &laquo;bloggen&raquo; med videoinnslag og live-sendinger.<br \/>\n<!--more--><\/p>\n<p>Sist s\u00f8ndag var det ogs\u00e5 400 dager igjen til \u00a0kommunestyre- og fylkestingsvalget &#8211; mandag 9. september 2019. (Enkelte kommuner, bl.a i Troms\u00f8, ogs\u00e5 s\u00f8ndag 8. september).\u202c\u00a0 Det neste \u00e5ret blir derfor spesielt, fordi det i h\u00f8st b\u00e5de er nominasjonsprosesser- og programarbeid i samtlige av de etablerte partiene i kommunestyret. Jeg har f\u00e5tt de flotte oppdraget med \u00e5 v\u00e6re leder av programkomiteen i Troms\u00f8 Arbeiderparti, og gleder meg til \u00e5 lede arbeidet med \u00e5 f\u00e5 utarbeidet v\u00e5rt kommunevalgprogram for 2019 &#8211; 2023. Det er den politikken som skal gi oss valgseier om 400 dager. Som sagt g\u00e5r ogs\u00e5 nominasjonsprosessen ogs\u00e5 sin gang, og der skal vi\u00a0 som er Arbeiderpartiets representanter i dag, gi endelig beskjed om vi tar gjenvalg eller ikke i l\u00f8pet av de neste ukene. Troms\u00f8 Arbeiderparti vedtar sitt endelige kommunevalgprogram l\u00f8rdag 24. november 2018, mens nominasjonsm\u00f8tet som skal sette opp den endelige kommunevalglisten foreg\u00e5r dagen etter, alts\u00e5 s\u00f8ndag 25. november 2018. Ogs\u00e5 er planleggingen av valgkampen allerede i gang, men selvsagt vil det neste \u00e5ret bli enda mer preget av denne planleggingen.<\/p>\n<figure id=\"attachment_2290\" aria-describedby=\"caption-attachment-2290\" style=\"width: 150px\" class=\"wp-caption alignright\"><a href=\"https:\/\/i0.wp.com\/jarleheitmann.no\/wp-content\/uploads\/2018\/08\/IMG_3599.jpg?ssl=1\"><img data-recalc-dims=\"1\" loading=\"lazy\" decoding=\"async\" data-attachment-id=\"2290\" data-permalink=\"https:\/\/jarleheitmann.no\/index.php\/2018\/08\/10\/sommeren-er-over-400-dager-til-kommunevalget\/img_3599\/\" data-orig-file=\"https:\/\/i0.wp.com\/jarleheitmann.no\/wp-content\/uploads\/2018\/08\/IMG_3599.jpg?fit=960%2C1007&amp;ssl=1\" data-orig-size=\"960,1007\" data-comments-opened=\"1\" data-image-meta=\"{&quot;aperture&quot;:&quot;0&quot;,&quot;credit&quot;:&quot;&quot;,&quot;camera&quot;:&quot;&quot;,&quot;caption&quot;:&quot;&quot;,&quot;created_timestamp&quot;:&quot;0&quot;,&quot;copyright&quot;:&quot;&quot;,&quot;focal_length&quot;:&quot;0&quot;,&quot;iso&quot;:&quot;0&quot;,&quot;shutter_speed&quot;:&quot;0&quot;,&quot;title&quot;:&quot;&quot;,&quot;orientation&quot;:&quot;0&quot;}\" data-image-title=\"IMG_3599\" data-image-description=\"\" data-image-caption=\"&lt;p&gt;400 dager til kommunevalget. Bilde er fra d\u00f8r-til-d\u00f8r-aksjon p\u00e5 valgkampinnspurten ved forrige kommunevalg i 2015. (Foto: Privat)&lt;\/p&gt;\n\" data-medium-file=\"https:\/\/i0.wp.com\/jarleheitmann.no\/wp-content\/uploads\/2018\/08\/IMG_3599.jpg?fit=286%2C300&amp;ssl=1\" data-large-file=\"https:\/\/i0.wp.com\/jarleheitmann.no\/wp-content\/uploads\/2018\/08\/IMG_3599.jpg?fit=960%2C1007&amp;ssl=1\" class=\"wp-image-2290 size-thumbnail\" src=\"https:\/\/i0.wp.com\/jarleheitmann.no\/wp-content\/uploads\/2018\/08\/IMG_3599.jpg?resize=150%2C150&#038;ssl=1\" alt=\"\" width=\"150\" height=\"150\" srcset=\"https:\/\/i0.wp.com\/jarleheitmann.no\/wp-content\/uploads\/2018\/08\/IMG_3599.jpg?resize=150%2C150&amp;ssl=1 150w, https:\/\/i0.wp.com\/jarleheitmann.no\/wp-content\/uploads\/2018\/08\/IMG_3599.jpg?zoom=2&amp;resize=150%2C150&amp;ssl=1 300w, https:\/\/i0.wp.com\/jarleheitmann.no\/wp-content\/uploads\/2018\/08\/IMG_3599.jpg?zoom=3&amp;resize=150%2C150&amp;ssl=1 450w\" sizes=\"auto, (max-width: 150px) 100vw, 150px\" \/><\/a><figcaption id=\"caption-attachment-2290\" class=\"wp-caption-text\">400 dager til kommunevalget. Bilde er fra d\u00f8r-til-d\u00f8r-aksjon p\u00e5 valgkampinnspurten ved forrige kommunevalg i 2015. (Foto: Privat)<\/figcaption><\/figure>\n<p>Samtidig som det er forberedelser til valget 2019, s\u00e5 skal ogs\u00e5 kommunen styres gjennom politiske m\u00f8ter. Formannskapet har som sagt allerede startet opp med sine ukentlige m\u00f8ter &#8211; hver tirsdag kl. 12.00. I neste uke er det komitem\u00f8ter i alle fire fagkomiteer, mens kommunestyret er 29.8. Den viktigste saken de n\u00e6rmeste ukene er arbeidet med <a href=\"https:\/\/jarleheitmann.no\/index.php\/2018\/06\/29\/et-realistisk-og-ansvar-budsjett\/\" target=\"_blank\" rel=\"noopener\">handlings- og \u00f8konomiplan for 2019 &#8211; 2022,<\/a> som da inneholder \u00e5rsbudsjettet for 2019 og det som f\u00f8r ble kalt \u00f8konomiplan for de neste fire \u00e5rene. Der la administrasjonssjefen frem sitt budsjettforslag 29.6 og det skal vedtas i formannskapet 11.9 og endelig i kommunestyret 26.9.18. Derimellom jobber vi n\u00e5 politisk i samarbeidspartiene for \u00e5 lage v\u00e5rt budsjettopplegg. Bl.a. skal formannskapet ha h\u00f8ring p\u00e5 budsjettet i mandag 3.9.18. Budsjettet blir viktig for \u00e5 fortsatt holde kontrollen p\u00e5 \u00f8konomien i kommunen og f\u00e5 frem v\u00e5re viktigste saker inn mot kommunevalget.<\/p>\n<figure id=\"attachment_2292\" aria-describedby=\"caption-attachment-2292\" style=\"width: 150px\" class=\"wp-caption alignleft\"><a href=\"https:\/\/i0.wp.com\/jarleheitmann.no\/wp-content\/uploads\/2018\/08\/IMG_3348-e1533906766464.jpg?ssl=1\"><img data-recalc-dims=\"1\" loading=\"lazy\" decoding=\"async\" data-attachment-id=\"2292\" data-permalink=\"https:\/\/jarleheitmann.no\/index.php\/2018\/08\/10\/sommeren-er-over-400-dager-til-kommunevalget\/img_3348\/\" data-orig-file=\"https:\/\/i0.wp.com\/jarleheitmann.no\/wp-content\/uploads\/2018\/08\/IMG_3348-e1533906766464.jpg?fit=2320%2C3087&amp;ssl=1\" data-orig-size=\"2320,3087\" data-comments-opened=\"1\" data-image-meta=\"{&quot;aperture&quot;:&quot;0&quot;,&quot;credit&quot;:&quot;&quot;,&quot;camera&quot;:&quot;&quot;,&quot;caption&quot;:&quot;&quot;,&quot;created_timestamp&quot;:&quot;0&quot;,&quot;copyright&quot;:&quot;&quot;,&quot;focal_length&quot;:&quot;0&quot;,&quot;iso&quot;:&quot;0&quot;,&quot;shutter_speed&quot;:&quot;0&quot;,&quot;title&quot;:&quot;&quot;,&quot;orientation&quot;:&quot;0&quot;}\" data-image-title=\"IMG_3348\" data-image-description=\"\" data-image-caption=\"&lt;p&gt;G\u00e5tur p\u00e5 Sherpatrappa &amp;#8211; juli 2018.&lt;\/p&gt;\n\" data-medium-file=\"https:\/\/i0.wp.com\/jarleheitmann.no\/wp-content\/uploads\/2018\/08\/IMG_3348-e1533906766464.jpg?fit=225%2C300&amp;ssl=1\" data-large-file=\"https:\/\/i0.wp.com\/jarleheitmann.no\/wp-content\/uploads\/2018\/08\/IMG_3348-e1533906766464.jpg?fit=770%2C1024&amp;ssl=1\" class=\"size-thumbnail wp-image-2292\" src=\"https:\/\/i0.wp.com\/jarleheitmann.no\/wp-content\/uploads\/2018\/08\/IMG_3348-e1533906766464-150x150.jpg?resize=150%2C150&#038;ssl=1\" alt=\"\" width=\"150\" height=\"150\" srcset=\"https:\/\/i0.wp.com\/jarleheitmann.no\/wp-content\/uploads\/2018\/08\/IMG_3348-e1533906766464.jpg?resize=150%2C150&amp;ssl=1 150w, https:\/\/i0.wp.com\/jarleheitmann.no\/wp-content\/uploads\/2018\/08\/IMG_3348-e1533906766464.jpg?zoom=2&amp;resize=150%2C150&amp;ssl=1 300w, https:\/\/i0.wp.com\/jarleheitmann.no\/wp-content\/uploads\/2018\/08\/IMG_3348-e1533906766464.jpg?zoom=3&amp;resize=150%2C150&amp;ssl=1 450w\" sizes=\"auto, (max-width: 150px) 100vw, 150px\" \/><\/a><figcaption id=\"caption-attachment-2292\" class=\"wp-caption-text\">G\u00e5tur p\u00e5 Sherpatrappa &#8211; juli 2018.<\/figcaption><\/figure>\n<p>For egen del s\u00e5 har det v\u00e6rt en fin ferie. Allerede mandag 2.7 reiste jeg og familien p\u00e5 to ukers ferie til Italia og senere har det blitt turer til svigerfamiliens hytte i Balsfjord, turer rundt om i Troms\u00f8, bl.a. f\u00e5tt g\u00e5tt sherpatrappen og kost oss i 30 graders varme i Gr\u00f8tfjord. S\u00e5 batteriene er godt ladet til et langt \u00e5r og en lang valgkamp. I dag er det p\u00e5 tiden \u00e5 &laquo;fyre&raquo; opp bloggen igjen etter sommerferien. S\u00e5 fra i dag blir det regelmessige innlegg om hva jeg er opptatt av og hva jeg vil ha gjort for innbyggerne i Troms\u00f8 sitt beste. F\u00f8lg derfor regelmessig med p\u00e5 bloggen, hvor jeg ogs\u00e5 vil invitere gjestebloggere, slik som jeg har gjort regelmessig de siste to \u00e5rene. F\u00f8lg ogs\u00e5 med p\u00e5\u00a0facebook-siden min, hvor jeg ogs\u00e5 vil legge ut regelmessige video-innslag og ha live-webtv sendinger med &laquo;Jarle live&raquo;. S\u00e5 dermed innleder jeg et flott politisk \u00e5r og den lange valgkampen mot kommunevalget 2019.<\/p>\n<h2><a href=\"http:\/\/www.facebook.com\/JarleHeitmann\" target=\"_blank\" rel=\"noopener\">www.facebook.com\/jarleheitmann<\/a><\/h2>\n","protected":false},"excerpt":{"rendered":"<p>Denne uka begynte det politiske Troms\u00f8 s\u00e5 sm\u00e5tt \u00e5 v\u00e5kne fra sommerdvalen, ved at formannskapet hadde sitt f\u00f8rste m\u00f8te etter sommerferien. Da er det p\u00e5 tide \u00e5 &laquo;fyre&raquo; opp igjen [&hellip;]<\/p>\n","protected":false},"author":2,"featured_media":2291,"comment_status":"open","ping_status":"open","sticky":false,"template":"","format":"standard","meta":{"jetpack_post_was_ever_published":false,"_jetpack_newsletter_access":"","_jetpack_dont_email_post_to_subs":false,"_jetpack_newsletter_tier_id":0,"_jetpack_memberships_contains_paywalled_content":false,"_jetpack_memberships_contains_paid_content":false,"footnotes":"","jetpack_publicize_message":"","jetpack_publicize_feature_enabled":true,"jetpack_social_post_already_shared":true,"jetpack_social_options":{"image_generator_settings":{"template":"highway","default_image_id":0,"font":"","enabled":false},"version":2}},"categories":[783],"tags":[10,24,904,905,903,274],"class_list":["post-2289","post","type-post","status-publish","format-standard","has-post-thumbnail","hentry","category-politikk","tag-formannskap","tag-kommunestyre","tag-poltikk","tag-sommerferie","tag-valg-2019","tag-valgkamp"],"jetpack_publicize_connections":[],"jetpack_featured_media_url":"https:\/\/i0.wp.com\/jarleheitmann.no\/wp-content\/uploads\/2018\/08\/IMG_3612-e1533906604441.jpg?fit=2320%2C3087&ssl=1","jetpack_sharing_enabled":true,"jetpack_shortlink":"https:\/\/wp.me\/p6OCVj-AV","jetpack-related-posts":[],"_links":{"self":[{"href":"https:\/\/jarleheitmann.no\/index.php\/wp-json\/wp\/v2\/posts\/2289","targetHints":{"allow":["GET"]}}],"collection":[{"href":"https:\/\/jarleheitmann.no\/index.php\/wp-json\/wp\/v2\/posts"}],"about":[{"href":"https:\/\/jarleheitmann.no\/index.php\/wp-json\/wp\/v2\/types\/post"}],"author":[{"embeddable":true,"href":"https:\/\/jarleheitmann.no\/index.php\/wp-json\/wp\/v2\/users\/2"}],"replies":[{"embeddable":true,"href":"https:\/\/jarleheitmann.no\/index.php\/wp-json\/wp\/v2\/comments?post=2289"}],"version-history":[{"count":3,"href":"https:\/\/jarleheitmann.no\/index.php\/wp-json\/wp\/v2\/posts\/2289\/revisions"}],"predecessor-version":[{"id":2295,"href":"https:\/\/jarleheitmann.no\/index.php\/wp-json\/wp\/v2\/posts\/2289\/revisions\/2295"}],"wp:featuredmedia":[{"embeddable":true,"href":"https:\/\/jarleheitmann.no\/index.php\/wp-json\/wp\/v2\/media\/2291"}],"wp:attachment":[{"href":"https:\/\/jarleheitmann.no\/index.php\/wp-json\/wp\/v2\/media?parent=2289"}],"wp:term":[{"taxonomy":"category","embeddable":true,"href":"https:\/\/jarleheitmann.no\/index.php\/wp-json\/wp\/v2\/categories?post=2289"},{"taxonomy":"post_tag","embeddable":true,"href":"https:\/\/jarleheitmann.no\/index.php\/wp-json\/wp\/v2\/tags?post=2289"}],"curies":[{"name":"wp","href":"https:\/\/api.w.org\/{rel}","templated":true}]}}