{"id":2260,"date":"2018-06-08T11:23:49","date_gmt":"2018-06-08T09:23:49","guid":{"rendered":"http:\/\/jarleheitmann.no\/?p=2260"},"modified":"2018-06-08T11:24:43","modified_gmt":"2018-06-08T09:24:43","slug":"avfall-sirkuler-okonomi","status":"publish","type":"post","link":"https:\/\/jarleheitmann.no\/index.php\/2018\/06\/08\/avfall-sirkuler-okonomi\/","title":{"rendered":"\u00d8kt fokus p\u00e5 sirkul\u00e6r \u00f8konomi m\u00e5 gi mer kommunalt ansvar for avfall"},"content":{"rendered":"<p><a href=\"https:\/\/i0.wp.com\/jarleheitmann.no\/wp-content\/uploads\/2018\/06\/earth-159123_960_720.png?ssl=1\"><img data-recalc-dims=\"1\" loading=\"lazy\" decoding=\"async\" data-attachment-id=\"2262\" data-permalink=\"https:\/\/jarleheitmann.no\/index.php\/2018\/06\/08\/avfall-sirkuler-okonomi\/earth-159123_960_720\/\" data-orig-file=\"https:\/\/i0.wp.com\/jarleheitmann.no\/wp-content\/uploads\/2018\/06\/earth-159123_960_720.png?fit=549%2C720&amp;ssl=1\" data-orig-size=\"549,720\" data-comments-opened=\"1\" data-image-meta=\"{&quot;aperture&quot;:&quot;0&quot;,&quot;credit&quot;:&quot;&quot;,&quot;camera&quot;:&quot;&quot;,&quot;caption&quot;:&quot;&quot;,&quot;created_timestamp&quot;:&quot;0&quot;,&quot;copyright&quot;:&quot;&quot;,&quot;focal_length&quot;:&quot;0&quot;,&quot;iso&quot;:&quot;0&quot;,&quot;shutter_speed&quot;:&quot;0&quot;,&quot;title&quot;:&quot;&quot;,&quot;orientation&quot;:&quot;0&quot;}\" data-image-title=\"earth-159123_960_720\" data-image-description=\"\" data-image-caption=\"\" data-medium-file=\"https:\/\/i0.wp.com\/jarleheitmann.no\/wp-content\/uploads\/2018\/06\/earth-159123_960_720.png?fit=229%2C300&amp;ssl=1\" data-large-file=\"https:\/\/i0.wp.com\/jarleheitmann.no\/wp-content\/uploads\/2018\/06\/earth-159123_960_720.png?fit=549%2C720&amp;ssl=1\" class=\"alignleft size-medium wp-image-2262\" src=\"https:\/\/i0.wp.com\/jarleheitmann.no\/wp-content\/uploads\/2018\/06\/earth-159123_960_720.png?resize=229%2C300&#038;ssl=1\" alt=\"\" width=\"229\" height=\"300\" srcset=\"https:\/\/i0.wp.com\/jarleheitmann.no\/wp-content\/uploads\/2018\/06\/earth-159123_960_720.png?resize=229%2C300&amp;ssl=1 229w, https:\/\/i0.wp.com\/jarleheitmann.no\/wp-content\/uploads\/2018\/06\/earth-159123_960_720.png?w=549&amp;ssl=1 549w\" sizes=\"auto, (max-width: 229px) 100vw, 229px\" \/><\/a>Det blir stadig st\u00f8rre fokus p\u00e5 s\u00e5kalt &laquo;sirkul\u00e6r \u00f8konomi&raquo;, som bygger p\u00e5 ideen om \u00e5 f\u00e5 en \u00f8konomi som er designet for \u00e5 unng\u00e5 avfall. Det kan v\u00e6re med p\u00e5 \u00e5 l\u00f8se den \u00f8kende utfordringen med bl.a. plastforurensning, som vi har satt p\u00e5 dagsorden her i Troms\u00f8 med &laquo;plastfri-by&raquo;-initiativet v\u00e5rt.<\/p>\n<p><!--more--><\/p>\n<p>N\u00e5r den klare ideen bak en\u00a0 \u00f8konomi som er unng\u00e5 avfall, dreier det seg om \u00e5 designe produkter som kan gjenbrukes og at minst mulig av ressursene som puttes inn i et produkt, kommer p\u00e5 slutten av sin &laquo;levetid&raquo; ut som avfall eller &laquo;forurensende utslipp&raquo;. Avfall blir da et r\u00e5stoff i produksjonen av nye varer, gjennom gjenbruk og gjenvinning. At \u00f8konomien er sirkul\u00e6r, i motsetning til line\u00e6r, gj\u00f8r at det som tradisjonelt betegnes av at du foretar kj\u00f8p-, bruk- og kast av et produkt, erstattes av en \u00f8konomi som er en lukket sirkel, hvor ressursene blir i kretsl\u00f8pet og blir resirkulert og reforedlet, gjerne til andre form\u00e5l enn sitt opprinnelige.<\/p>\n<p><a href=\"http:\/\/www.ks.no\/fagomrader\/samfunn-og-demokrati\/samferdsel-plan-og-miljo\/sirkular-okonomi\/hva-er-sirkular-okonomi\/\" target=\"_blank\" rel=\"noopener\">KS.no 10.11.17:\u00a0Hva er sirkul\u00e6r \u00f8konomi?<\/a><br \/>\n<a href=\"http:\/\/www.northnorway.org\/aktuelt\/dette-er-plastproduktene-eu-vil-forby.1009093.aspx\" target=\"_blank\" rel=\"noopener\">Det nord-norske EU-kontoret 30.5.18:\u00a0Dette er plastproduktene EU vil forby<\/a><\/p>\n<p>I Troms\u00f8 har vi gode eksempler p\u00e5 slik tenking i v\u00e5rt eget heleide (99,9% ihvertfall) avfallsselskap <a href=\"http:\/\/www.Remiks.no\" target=\"_blank\" rel=\"noopener\">Remiks<\/a>, som samler inn hageavfall som vi som innbyggere leverer inn. Dette kuttes opp og brukes i ski- og turanlegg, som et lavterskel og meget godt eksempel p\u00e5 kortreist sirkul\u00e6r\u00f8konomi. Det er akkurat slike eksempler som b\u00f8r v\u00e6re mulig \u00e5 f\u00e5 til i enda st\u00f8rre grad i v\u00e5r egen kommune.<\/p>\n<p>Dette viser ogs\u00e5 at kommunene b\u00f8r ta tak i og h\u00e5ndtere mer av avfallsmengdene, fordi vi kan bruke det til \u00e5 n\u00e5 milj\u00f8politiske m\u00e5l b\u00e5de lokalt og nasjonalt. I dag har kommunene ansvar for innsamling og behandling av husholdningsavfall, men dette utgj\u00f8r bare om lag\u00a0 20% av de totale avfallsmengdene i Norge.<\/p>\n<figure id=\"attachment_2263\" aria-describedby=\"caption-attachment-2263\" style=\"width: 178px\" class=\"wp-caption alignright\"><a href=\"https:\/\/i0.wp.com\/jarleheitmann.no\/wp-content\/uploads\/2018\/06\/IMG_1436-e1528378000128.jpg?ssl=1\"><img data-recalc-dims=\"1\" loading=\"lazy\" decoding=\"async\" data-attachment-id=\"2263\" data-permalink=\"https:\/\/jarleheitmann.no\/index.php\/2018\/06\/08\/avfall-sirkuler-okonomi\/img_1436\/\" data-orig-file=\"https:\/\/i0.wp.com\/jarleheitmann.no\/wp-content\/uploads\/2018\/06\/IMG_1436-e1528378000128.jpg?fit=1486%2C1339&amp;ssl=1\" data-orig-size=\"1486,1339\" data-comments-opened=\"1\" data-image-meta=\"{&quot;aperture&quot;:&quot;0&quot;,&quot;credit&quot;:&quot;&quot;,&quot;camera&quot;:&quot;&quot;,&quot;caption&quot;:&quot;&quot;,&quot;created_timestamp&quot;:&quot;1523890854&quot;,&quot;copyright&quot;:&quot;&quot;,&quot;focal_length&quot;:&quot;0&quot;,&quot;iso&quot;:&quot;0&quot;,&quot;shutter_speed&quot;:&quot;0&quot;,&quot;title&quot;:&quot;&quot;,&quot;orientation&quot;:&quot;0&quot;}\" data-image-title=\"IMG_1436\" data-image-description=\"\" data-image-caption=\"&lt;p&gt;EUs satsning p\u00e5 sirkul\u00e6r \u00f8konomi var et viktig tema, da jeg &lt;\/p&gt;\n\" data-medium-file=\"https:\/\/i0.wp.com\/jarleheitmann.no\/wp-content\/uploads\/2018\/06\/IMG_1436-e1528378000128.jpg?fit=300%2C270&amp;ssl=1\" data-large-file=\"https:\/\/i0.wp.com\/jarleheitmann.no\/wp-content\/uploads\/2018\/06\/IMG_1436-e1528378000128.jpg?fit=1024%2C923&amp;ssl=1\" class=\"wp-image-2263\" src=\"https:\/\/i0.wp.com\/jarleheitmann.no\/wp-content\/uploads\/2018\/06\/IMG_1436-e1528378000128-300x270.jpg?resize=178%2C160&#038;ssl=1\" alt=\"\" width=\"178\" height=\"160\" srcset=\"https:\/\/i0.wp.com\/jarleheitmann.no\/wp-content\/uploads\/2018\/06\/IMG_1436-e1528378000128.jpg?resize=300%2C270&amp;ssl=1 300w, https:\/\/i0.wp.com\/jarleheitmann.no\/wp-content\/uploads\/2018\/06\/IMG_1436-e1528378000128.jpg?resize=768%2C692&amp;ssl=1 768w, https:\/\/i0.wp.com\/jarleheitmann.no\/wp-content\/uploads\/2018\/06\/IMG_1436-e1528378000128.jpg?resize=1024%2C923&amp;ssl=1 1024w, https:\/\/i0.wp.com\/jarleheitmann.no\/wp-content\/uploads\/2018\/06\/IMG_1436-e1528378000128.jpg?resize=750%2C676&amp;ssl=1 750w, https:\/\/i0.wp.com\/jarleheitmann.no\/wp-content\/uploads\/2018\/06\/IMG_1436-e1528378000128.jpg?w=1486&amp;ssl=1 1486w\" sizes=\"auto, (max-width: 178px) 100vw, 178px\" \/><\/a><figcaption id=\"caption-attachment-2263\" class=\"wp-caption-text\">P\u00e5 bes\u00f8k april 2018 hos den norske EU-delegasjon og nestleder, ambassad\u00f8r Ingrid Schulerud, hvor bl.a. EUs satsing p\u00e5 sirkul\u00e6r \u00f8konomi var et hovedtema.<\/figcaption><\/figure>\n<p>Jeg var i april p\u00e5 bes\u00f8k i Brussel hos den norske delegasjonen til EU, hvor vi l\u00e6rte mer om EUs satsning p\u00e5 avfalls- og milj\u00f8politikk, og hvor en klar satsing er innf\u00f8ringen av nytt rammeverk for sirkul\u00e6r \u00f8konomi. EU mener sirkul\u00e6r \u00f8konomi har et betydelig \u00f8konomisk vekst potensiale i seg, og har beregnet den til 26,7 milliarder Euro. Det vil ogs\u00e5 potensielt bli skapt 144.000 nye jobber innen 2035 i EU-markedet.\u00a0 Betydningen for oss i Norge, er at det vil bli stilt enda h\u00f8yere krav til hvor mye av avfallsmengdene vi klarer \u00e5 gjenvinne. F.eks gjenvinner vi i Norge pr. 2015 38% av v\u00e5rt husholdningsavfall, mens EU setter krav om 55% i 2025, 60% i 2030 og 65% i 2035. P\u00e5 plastemballasje er status 37%, men vi skal opp p\u00e5 50% innen 2025 og 55% innen 2030. Det er denne virkeligheten som vil sl\u00e5 inn for fullt ogs\u00e5 for staten og norske kommuner fremover.<\/p>\n<p>Det vil derfor v\u00e6re avgj\u00f8rende at vi som kommuner f\u00e5r lov til \u00e5 ta en enda st\u00f8rre ansvar for mer av det avfallet som i art og mengde vil likne p\u00e5 husholdningsavfallet. Alts\u00e5 avfall som kommer fra kommunale virksomheter &#8211; det v\u00e6re seg skoler, barnehager, sykehjem og lokale virksomheter. Dette var ordningen som ble praktisert i Norge fram til 2004, men da ble det foretatt endringer i forurensningsloven, som f\u00f8rte til liberalisering av n\u00e6ringsavfall.<\/p>\n<figure id=\"attachment_2264\" aria-describedby=\"caption-attachment-2264\" style=\"width: 300px\" class=\"wp-caption alignleft\"><a href=\"https:\/\/i0.wp.com\/jarleheitmann.no\/wp-content\/uploads\/2018\/06\/IMG_1427-e1528448787305.jpg?ssl=1\"><img data-recalc-dims=\"1\" loading=\"lazy\" decoding=\"async\" data-attachment-id=\"2264\" data-permalink=\"https:\/\/jarleheitmann.no\/index.php\/2018\/06\/08\/avfall-sirkuler-okonomi\/img_1427\/\" data-orig-file=\"https:\/\/i0.wp.com\/jarleheitmann.no\/wp-content\/uploads\/2018\/06\/IMG_1427-e1528448787305.jpg?fit=1415%2C916&amp;ssl=1\" data-orig-size=\"1415,916\" data-comments-opened=\"1\" data-image-meta=\"{&quot;aperture&quot;:&quot;0&quot;,&quot;credit&quot;:&quot;&quot;,&quot;camera&quot;:&quot;&quot;,&quot;caption&quot;:&quot;&quot;,&quot;created_timestamp&quot;:&quot;1523886304&quot;,&quot;copyright&quot;:&quot;&quot;,&quot;focal_length&quot;:&quot;0&quot;,&quot;iso&quot;:&quot;0&quot;,&quot;shutter_speed&quot;:&quot;0&quot;,&quot;title&quot;:&quot;&quot;,&quot;orientation&quot;:&quot;0&quot;}\" data-image-title=\"IMG_1427\" data-image-description=\"\" data-image-caption=\"&lt;p&gt;EUs nye krav til materiellgjenvinning og biologisk behandling.&lt;\/p&gt;\n\" data-medium-file=\"https:\/\/i0.wp.com\/jarleheitmann.no\/wp-content\/uploads\/2018\/06\/IMG_1427-e1528448787305.jpg?fit=300%2C194&amp;ssl=1\" data-large-file=\"https:\/\/i0.wp.com\/jarleheitmann.no\/wp-content\/uploads\/2018\/06\/IMG_1427-e1528448787305.jpg?fit=1024%2C663&amp;ssl=1\" class=\"size-medium wp-image-2264\" src=\"https:\/\/i0.wp.com\/jarleheitmann.no\/wp-content\/uploads\/2018\/06\/IMG_1427-e1528448787305-300x194.jpg?resize=300%2C194&#038;ssl=1\" alt=\"\" width=\"300\" height=\"194\" srcset=\"https:\/\/i0.wp.com\/jarleheitmann.no\/wp-content\/uploads\/2018\/06\/IMG_1427-e1528448787305.jpg?resize=300%2C194&amp;ssl=1 300w, https:\/\/i0.wp.com\/jarleheitmann.no\/wp-content\/uploads\/2018\/06\/IMG_1427-e1528448787305.jpg?resize=768%2C497&amp;ssl=1 768w, https:\/\/i0.wp.com\/jarleheitmann.no\/wp-content\/uploads\/2018\/06\/IMG_1427-e1528448787305.jpg?resize=1024%2C663&amp;ssl=1 1024w, https:\/\/i0.wp.com\/jarleheitmann.no\/wp-content\/uploads\/2018\/06\/IMG_1427-e1528448787305.jpg?resize=750%2C486&amp;ssl=1 750w, https:\/\/i0.wp.com\/jarleheitmann.no\/wp-content\/uploads\/2018\/06\/IMG_1427-e1528448787305.jpg?w=1415&amp;ssl=1 1415w\" sizes=\"auto, (max-width: 300px) 100vw, 300px\" \/><\/a><figcaption id=\"caption-attachment-2264\" class=\"wp-caption-text\">EUs nye krav til materiellgjenvinning og biologisk behandling jfr. nytt rammeverk for sirkul\u00e6r \u00f8konomi.<\/figcaption><\/figure>\n<p>Troms\u00f8 kommune og Remiks er allerede gode p\u00e5 avfallsh\u00e5ndtering og resirkulering, bl.a. gjennom b\u00f8r ogs\u00e5 se p\u00e5 flere ideer for hvordan vi kan f\u00e5 plass flere lavterskel tilbud for \u00e5 fremme sirkul\u00e6r \u00f8konomi. En av de viktigste rollene kommunen har er som en stor innkj\u00f8per. Her m\u00e5 man g\u00e5 foran gjennom \u00e5 ettersp\u00f8rre om det er brukt sekund\u00e6re r\u00e5varer i anskaffelsene. Vi b\u00f8r ogs\u00e5 legge til rette for, b\u00e5de gjennom kommunalt n\u00e6ringsfond, men ogs\u00e5 med \u00e5 bruke andre virkemidler, \u00e5 stimulere til enda flere deleordninger, gjenbrukssentraler, og reparasjon og infrastruktur for kildesortering. Fremtiden ogs\u00e5 for kommunene er sirkul\u00e6r &#8211; ihvertfall n\u00e5r vi snakker om avfall.<\/p>\n<p>&nbsp;<\/p>\n<p>Se video fra KS om hvordan kommunesektoren kan v\u00e6re en p\u00e5driver og viktig brikke for \u00e5 lykkes med en sirkul\u00e6r \u00f8konomi:<br \/>\n<iframe loading=\"lazy\" src=\"https:\/\/www.youtube.com\/embed\/1b8vuh0iJp4\" width=\"560\" height=\"315\" frameborder=\"0\" allowfullscreen=\"allowfullscreen\"><\/iframe><br \/>\n.<\/p>\n<div><\/div>\n","protected":false},"excerpt":{"rendered":"<p>Det blir stadig st\u00f8rre fokus p\u00e5 s\u00e5kalt &laquo;sirkul\u00e6r \u00f8konomi&raquo;, som bygger p\u00e5 ideen om \u00e5 f\u00e5 en \u00f8konomi som er designet for \u00e5 unng\u00e5 avfall. Det kan v\u00e6re med p\u00e5 [&hellip;]<\/p>\n","protected":false},"author":2,"featured_media":2262,"comment_status":"open","ping_status":"open","sticky":false,"template":"","format":"standard","meta":{"jetpack_post_was_ever_published":false,"_jetpack_newsletter_access":"","_jetpack_dont_email_post_to_subs":false,"_jetpack_newsletter_tier_id":0,"_jetpack_memberships_contains_paywalled_content":false,"_jetpack_memberships_contains_paid_content":false,"footnotes":"","jetpack_publicize_message":"","jetpack_publicize_feature_enabled":true,"jetpack_social_post_already_shared":true,"jetpack_social_options":{"image_generator_settings":{"template":"highway","default_image_id":0,"font":"","enabled":false},"version":2}},"categories":[19,1],"tags":[891,892,894,895,338,720,717,896,893],"class_list":["post-2260","post","type-post","status-publish","format-standard","has-post-thumbnail","hentry","category-miljo","category-uncategorized","tag-avfall","tag-eu","tag-gjenbruk","tag-gjenvinning","tag-miljo","tag-miljovern","tag-plast","tag-remiks","tag-sirkulaer-okonomi"],"jetpack_publicize_connections":[],"jetpack_featured_media_url":"https:\/\/i0.wp.com\/jarleheitmann.no\/wp-content\/uploads\/2018\/06\/earth-159123_960_720.png?fit=549%2C720&ssl=1","jetpack_sharing_enabled":true,"jetpack_shortlink":"https:\/\/wp.me\/p6OCVj-As","jetpack-related-posts":[],"_links":{"self":[{"href":"https:\/\/jarleheitmann.no\/index.php\/wp-json\/wp\/v2\/posts\/2260","targetHints":{"allow":["GET"]}}],"collection":[{"href":"https:\/\/jarleheitmann.no\/index.php\/wp-json\/wp\/v2\/posts"}],"about":[{"href":"https:\/\/jarleheitmann.no\/index.php\/wp-json\/wp\/v2\/types\/post"}],"author":[{"embeddable":true,"href":"https:\/\/jarleheitmann.no\/index.php\/wp-json\/wp\/v2\/users\/2"}],"replies":[{"embeddable":true,"href":"https:\/\/jarleheitmann.no\/index.php\/wp-json\/wp\/v2\/comments?post=2260"}],"version-history":[{"count":3,"href":"https:\/\/jarleheitmann.no\/index.php\/wp-json\/wp\/v2\/posts\/2260\/revisions"}],"predecessor-version":[{"id":2267,"href":"https:\/\/jarleheitmann.no\/index.php\/wp-json\/wp\/v2\/posts\/2260\/revisions\/2267"}],"wp:featuredmedia":[{"embeddable":true,"href":"https:\/\/jarleheitmann.no\/index.php\/wp-json\/wp\/v2\/media\/2262"}],"wp:attachment":[{"href":"https:\/\/jarleheitmann.no\/index.php\/wp-json\/wp\/v2\/media?parent=2260"}],"wp:term":[{"taxonomy":"category","embeddable":true,"href":"https:\/\/jarleheitmann.no\/index.php\/wp-json\/wp\/v2\/categories?post=2260"},{"taxonomy":"post_tag","embeddable":true,"href":"https:\/\/jarleheitmann.no\/index.php\/wp-json\/wp\/v2\/tags?post=2260"}],"curies":[{"name":"wp","href":"https:\/\/api.w.org\/{rel}","templated":true}]}}