{"id":2251,"date":"2018-05-28T21:21:13","date_gmt":"2018-05-28T19:21:13","guid":{"rendered":"http:\/\/jarleheitmann.no\/?p=2251"},"modified":"2018-05-28T21:22:49","modified_gmt":"2018-05-28T19:22:49","slug":"luftambulansetjenesten-i-nord-norge-ma-sikres","status":"publish","type":"post","link":"https:\/\/jarleheitmann.no\/index.php\/2018\/05\/28\/luftambulansetjenesten-i-nord-norge-ma-sikres\/","title":{"rendered":"Luftambulansetjenesten i Nord-Norge m\u00e5 sikres"},"content":{"rendered":"<figure id=\"attachment_2252\" aria-describedby=\"caption-attachment-2252\" style=\"width: 300px\" class=\"wp-caption alignleft\"><a href=\"https:\/\/i0.wp.com\/jarleheitmann.no\/wp-content\/uploads\/2018\/05\/309742025.jpg?ssl=1\"><img data-recalc-dims=\"1\" loading=\"lazy\" decoding=\"async\" data-attachment-id=\"2252\" data-permalink=\"https:\/\/jarleheitmann.no\/index.php\/2018\/05\/28\/luftambulansetjenesten-i-nord-norge-ma-sikres\/attachment\/309742025\/\" data-orig-file=\"https:\/\/i0.wp.com\/jarleheitmann.no\/wp-content\/uploads\/2018\/05\/309742025.jpg?fit=980%2C550&amp;ssl=1\" data-orig-size=\"980,550\" data-comments-opened=\"1\" data-image-meta=\"{&quot;aperture&quot;:&quot;0&quot;,&quot;credit&quot;:&quot;&quot;,&quot;camera&quot;:&quot;&quot;,&quot;caption&quot;:&quot;&quot;,&quot;created_timestamp&quot;:&quot;0&quot;,&quot;copyright&quot;:&quot;&quot;,&quot;focal_length&quot;:&quot;0&quot;,&quot;iso&quot;:&quot;0&quot;,&quot;shutter_speed&quot;:&quot;0&quot;,&quot;title&quot;:&quot;&quot;,&quot;orientation&quot;:&quot;0&quot;}\" data-image-title=\"309742025\" data-image-description=\"\" data-image-caption=\"&lt;p&gt;(Foto: Norsk Luftambulanse)&lt;\/p&gt;\n\" data-medium-file=\"https:\/\/i0.wp.com\/jarleheitmann.no\/wp-content\/uploads\/2018\/05\/309742025.jpg?fit=300%2C168&amp;ssl=1\" data-large-file=\"https:\/\/i0.wp.com\/jarleheitmann.no\/wp-content\/uploads\/2018\/05\/309742025.jpg?fit=980%2C550&amp;ssl=1\" class=\"wp-image-2252 size-medium\" src=\"https:\/\/i0.wp.com\/jarleheitmann.no\/wp-content\/uploads\/2018\/05\/309742025.jpg?resize=300%2C168&#038;ssl=1\" alt=\"\" width=\"300\" height=\"168\" srcset=\"https:\/\/i0.wp.com\/jarleheitmann.no\/wp-content\/uploads\/2018\/05\/309742025.jpg?resize=300%2C168&amp;ssl=1 300w, https:\/\/i0.wp.com\/jarleheitmann.no\/wp-content\/uploads\/2018\/05\/309742025.jpg?resize=768%2C431&amp;ssl=1 768w, https:\/\/i0.wp.com\/jarleheitmann.no\/wp-content\/uploads\/2018\/05\/309742025.jpg?resize=750%2C421&amp;ssl=1 750w, https:\/\/i0.wp.com\/jarleheitmann.no\/wp-content\/uploads\/2018\/05\/309742025.jpg?w=980&amp;ssl=1 980w\" sizes=\"auto, (max-width: 300px) 100vw, 300px\" \/><\/a><figcaption id=\"caption-attachment-2252\" class=\"wp-caption-text\">(Foto: Norsk Luftambulanse)<\/figcaption><\/figure>\n<p>P\u00e5 kommunestyret i Troms\u00f8 onsdag 30.5.18 fremmer Arbeiderpartiet, R\u00f8dt og Sosialistisk Venstreparti et forslag til uttalelse fra kommunestyret om at luftambulansetjenesten i Nord- Norge m\u00e5 sikres. Der ber vi helseminister Bent H\u00f8ie ta sitt ansvar og rydde opp.<\/p>\n<p><!--more--><\/p>\n<p><a href=\"https:\/\/www.nordlys.no\/tromso-kommunestyre\/luftambulansetjenesten\/tromso\/ber-hoie-rydde-opp-i-situasjonen\/s\/5-34-868512\" target=\"_blank\" rel=\"noopener\">Bladet Nordlys 28.5.18: Ber H\u00f8ie rydde opp<\/a><\/p>\n<p><span style=\"text-decoration: underline;\">Dette er forslaget til uttalelse som skal behandles i kommunestyret onsdag 30.5.18<\/span>:<\/p>\n<h2><strong>Luftambulansetjenesten i Nord-Norge m\u00e5 sikres.<\/strong><\/h2>\n<p>Kommunestyret i Troms\u00f8 vil uttrykke sterk bekymring p\u00e5 grunn av den uro og ustabilitet som har oppst\u00e5tt innen luftambulansetjenesten i Nord-Norge.<\/p>\n<p>I v\u00e5r landsdel brukes ambulansefly i mye st\u00f8rre grad som prim\u00e6rtransportmiddel for d\u00e5rlige pasienter, sammenlignet med resten av landet. Mer enn andre steder er Nord-Norge avhengig av en operativ ambulanseflytjeneste for \u00e5 f\u00e5 forsvarlig helsehjelp n\u00e5r akuttsituasjoner oppst\u00e5r.Raskest mulig prehospitale tjenester, i kombinasjon med hurtig transport med luftambulansetjenesten til det aktuelle sykehus, vil ofte kunne utgj\u00f8re store forskjeller i skadeomfang, seinskader og d\u00f8dsrisiko. Usikkerhet rundt luftambulanse-tilbudet er derfor uholdbart.<\/p>\n<p>I l\u00f8pet av de siste ukene er vi via media gjort kjent med flere tilfeller der en sikker og trygg luftambulanse utgj\u00f8r forskjellen for innbyggernes helse.<\/p>\n<p>Fra b\u00e5de kommuneleger, sykehusleger og helsepersonellet i luftambulansetjenesten er det ropt varsko om situasjonen. Kommunestyret i Troms\u00f8 ber helseminister Bent H\u00f8ie ta p\u00e5 alvor det \u00f8verste ansvaret han har for denne situasjonen til \u00e5 snarest rydde opp. Vi kan heller ikke akseptere at kompetansearbeidsplasser for lufttransport forsvinner fra Troms\u00f8.<\/p>\n<p>Det trengs umiddelbart p\u00e5 plass l\u00f8sninger fra Regjeringen sammen med Helse Nord og Luftambulansetjenesten HF, som sikrer en luftambulansetjeneste p\u00e5 et normalt og trygt niv\u00e5. Det er 14 m\u00e5neder til kontrakten med Babcock Scandinavian Air Ambulance eventuelt trer i kraft. Kommunestyret i Troms\u00f8 anser ikke l\u00f8sningen med helikopter-innleie fra Forsvaret som tilfredsstillende fram til 1. juli 2019.<\/p>\n<p>Kommunestyret i Troms\u00f8 krever en utredning med sikte p\u00e5 offentlig drift av luftambulansetjenesten.<\/p>\n<p><strong>Jarle Heitmann, Ap<br \/>\nJens Ingvald Olsen, R\u00f8dt<br \/>\n<\/strong><strong>P\u00e5l Julius Skogholt, SV<\/strong><\/p>\n","protected":false},"excerpt":{"rendered":"<p>P\u00e5 kommunestyret i Troms\u00f8 onsdag 30.5.18 fremmer Arbeiderpartiet, R\u00f8dt og Sosialistisk Venstreparti et forslag til uttalelse fra kommunestyret om at luftambulansetjenesten i Nord- Norge m\u00e5 sikres. Der ber vi helseminister [&hellip;]<\/p>\n","protected":false},"author":2,"featured_media":2252,"comment_status":"open","ping_status":"open","sticky":false,"template":"","format":"standard","meta":{"jetpack_post_was_ever_published":false,"_jetpack_newsletter_access":"","_jetpack_dont_email_post_to_subs":false,"_jetpack_newsletter_tier_id":0,"_jetpack_memberships_contains_paywalled_content":false,"_jetpack_memberships_contains_paid_content":false,"footnotes":"","jetpack_publicize_message":"","jetpack_publicize_feature_enabled":true,"jetpack_social_post_already_shared":true,"jetpack_social_options":{"image_generator_settings":{"template":"highway","default_image_id":0,"font":"","enabled":false},"version":2}},"categories":[32],"tags":[883,889,34,178,9,885,884,331,890,634,47,888],"class_list":["post-2251","post","type-post","status-publish","format-standard","has-post-thumbnail","hentry","category-helsepolitikk","tag-anbud","tag-bent-hoie","tag-helse","tag-helsepolitikk","tag-kommunestyret","tag-luftambulanse","tag-lufttransport","tag-nord-norge","tag-offentlig","tag-privatisering","tag-samarbeidspartiene","tag-uttalelse"],"jetpack_publicize_connections":[],"jetpack_featured_media_url":"https:\/\/i0.wp.com\/jarleheitmann.no\/wp-content\/uploads\/2018\/05\/309742025.jpg?fit=980%2C550&ssl=1","jetpack_sharing_enabled":true,"jetpack_shortlink":"https:\/\/wp.me\/p6OCVj-Aj","jetpack-related-posts":[],"_links":{"self":[{"href":"https:\/\/jarleheitmann.no\/index.php\/wp-json\/wp\/v2\/posts\/2251","targetHints":{"allow":["GET"]}}],"collection":[{"href":"https:\/\/jarleheitmann.no\/index.php\/wp-json\/wp\/v2\/posts"}],"about":[{"href":"https:\/\/jarleheitmann.no\/index.php\/wp-json\/wp\/v2\/types\/post"}],"author":[{"embeddable":true,"href":"https:\/\/jarleheitmann.no\/index.php\/wp-json\/wp\/v2\/users\/2"}],"replies":[{"embeddable":true,"href":"https:\/\/jarleheitmann.no\/index.php\/wp-json\/wp\/v2\/comments?post=2251"}],"version-history":[{"count":3,"href":"https:\/\/jarleheitmann.no\/index.php\/wp-json\/wp\/v2\/posts\/2251\/revisions"}],"predecessor-version":[{"id":2255,"href":"https:\/\/jarleheitmann.no\/index.php\/wp-json\/wp\/v2\/posts\/2251\/revisions\/2255"}],"wp:featuredmedia":[{"embeddable":true,"href":"https:\/\/jarleheitmann.no\/index.php\/wp-json\/wp\/v2\/media\/2252"}],"wp:attachment":[{"href":"https:\/\/jarleheitmann.no\/index.php\/wp-json\/wp\/v2\/media?parent=2251"}],"wp:term":[{"taxonomy":"category","embeddable":true,"href":"https:\/\/jarleheitmann.no\/index.php\/wp-json\/wp\/v2\/categories?post=2251"},{"taxonomy":"post_tag","embeddable":true,"href":"https:\/\/jarleheitmann.no\/index.php\/wp-json\/wp\/v2\/tags?post=2251"}],"curies":[{"name":"wp","href":"https:\/\/api.w.org\/{rel}","templated":true}]}}