{"id":2202,"date":"2018-04-19T10:07:36","date_gmt":"2018-04-19T08:07:36","guid":{"rendered":"http:\/\/jarleheitmann.no\/?p=2202"},"modified":"2018-04-20T08:54:49","modified_gmt":"2018-04-20T06:54:49","slug":"skuffet-regjeringen-hoyre-frp-tromso","status":"publish","type":"post","link":"https:\/\/jarleheitmann.no\/index.php\/2018\/04\/19\/skuffet-regjeringen-hoyre-frp-tromso\/","title":{"rendered":"Skuffet over regjeringen og H\u00f8yre og FrP i Troms\u00f8"},"content":{"rendered":"<figure id=\"attachment_1809\" aria-describedby=\"caption-attachment-1809\" style=\"width: 300px\" class=\"wp-caption alignright\"><a href=\"https:\/\/i0.wp.com\/jarleheitmann.no\/wp-content\/uploads\/2017\/11\/clouds-2587197_960_720.jpg?ssl=1\"><img data-recalc-dims=\"1\" loading=\"lazy\" decoding=\"async\" data-attachment-id=\"1809\" data-permalink=\"https:\/\/jarleheitmann.no\/index.php\/2017\/11\/25\/sjokkert-prosessen-kvitfjell-raudfjell-vindkraftverk\/clouds-2587197_960_720\/\" data-orig-file=\"https:\/\/i0.wp.com\/jarleheitmann.no\/wp-content\/uploads\/2017\/11\/clouds-2587197_960_720.jpg?fit=960%2C640&amp;ssl=1\" data-orig-size=\"960,640\" data-comments-opened=\"1\" data-image-meta=\"{&quot;aperture&quot;:&quot;0&quot;,&quot;credit&quot;:&quot;&quot;,&quot;camera&quot;:&quot;&quot;,&quot;caption&quot;:&quot;&quot;,&quot;created_timestamp&quot;:&quot;0&quot;,&quot;copyright&quot;:&quot;&quot;,&quot;focal_length&quot;:&quot;0&quot;,&quot;iso&quot;:&quot;0&quot;,&quot;shutter_speed&quot;:&quot;0&quot;,&quot;title&quot;:&quot;&quot;,&quot;orientation&quot;:&quot;0&quot;}\" data-image-title=\"clouds-2587197_960_720\" data-image-description=\"\" data-image-caption=\"&lt;p&gt;(Illustrasjonsfoto: Pixabay.com)&lt;\/p&gt;\n\" data-medium-file=\"https:\/\/i0.wp.com\/jarleheitmann.no\/wp-content\/uploads\/2017\/11\/clouds-2587197_960_720.jpg?fit=300%2C200&amp;ssl=1\" data-large-file=\"https:\/\/i0.wp.com\/jarleheitmann.no\/wp-content\/uploads\/2017\/11\/clouds-2587197_960_720.jpg?fit=960%2C640&amp;ssl=1\" class=\"size-medium wp-image-1809\" src=\"https:\/\/i0.wp.com\/jarleheitmann.no\/wp-content\/uploads\/2017\/11\/clouds-2587197_960_720.jpg?resize=300%2C200&#038;ssl=1\" alt=\"\" width=\"300\" height=\"200\" srcset=\"https:\/\/i0.wp.com\/jarleheitmann.no\/wp-content\/uploads\/2017\/11\/clouds-2587197_960_720.jpg?resize=300%2C200&amp;ssl=1 300w, https:\/\/i0.wp.com\/jarleheitmann.no\/wp-content\/uploads\/2017\/11\/clouds-2587197_960_720.jpg?resize=768%2C512&amp;ssl=1 768w, https:\/\/i0.wp.com\/jarleheitmann.no\/wp-content\/uploads\/2017\/11\/clouds-2587197_960_720.jpg?resize=750%2C500&amp;ssl=1 750w, https:\/\/i0.wp.com\/jarleheitmann.no\/wp-content\/uploads\/2017\/11\/clouds-2587197_960_720.jpg?w=960&amp;ssl=1 960w\" sizes=\"auto, (max-width: 300px) 100vw, 300px\" \/><\/a><figcaption id=\"caption-attachment-1809\" class=\"wp-caption-text\">(Illustrasjonsfoto: Pixabay.com)<\/figcaption><\/figure>\n<p>Jeg er skuffet over at regjeringen og olje- og energiministeren neglisjerer lokalbefolkningen i Kattfjord og lokale folkevalgte i Troms\u00f8. Samtidig er jeg skuffet over at H\u00f8yre og FrP i Troms\u00f8 har null innflytelse og innvirkning p\u00e5 Regjeringen.<br \/>\n<!--more--><br \/>\n<a href=\"https:\/\/www.nord24.no\/tromso\/politikk\/olje-og-energidepartementet\/de-har-kranglet-og-kranglet-om-gigantutbyggingen-pa-kvaloya-na-er-den-betente-striden-avgjort\/s\/5-32-106959?_ga=2.227525981.1748434607.1524120160-983637790.1510094434&amp;access=granted\" target=\"_blank\" rel=\"noopener\">Nord24.no 18.4.18:\u00a0De har kranglet og kranglet om gigantutbyggingen p\u00e5 Kval\u00f8ya. N\u00e5 er den betente striden avgjort<\/a><\/p>\n<p><iframe loading=\"lazy\" style=\"border: none; overflow: hidden;\" src=\"https:\/\/www.facebook.com\/plugins\/video.php?href=https%3A%2F%2Fwww.facebook.com%2FJarleHeitmann%2Fvideos%2F834929740048144%2F&amp;show_text=0&amp;width=476\" width=\"476\" height=\"476\" frameborder=\"0\" scrolling=\"no\" allowfullscreen=\"allowfullscreen\"><\/iframe><\/p>\n<p>Kommunestyret i Troms\u00f8 22.11.17 vedtok med et bredt flertall \u00e5 klage p\u00e5 NVEs vedtak om \u00e5 gi Kvitfjell og Raudfjell vindkraftverk endret konsesjon. Jeg var sjokkert over NVEs prosess\u00a0 i denne saken &#8211; les mitt blogginnlegg:<\/p>\n<p><a href=\"https:\/\/jarleheitmann.no\/index.php\/2017\/11\/25\/sjokkert-prosessen-kvitfjell-raudfjell-vindkraftverk\/\" target=\"_blank\" rel=\"noopener\">25.11.7: Sjokkert over prosessen\u00a0i Kvitfjell og Raudfjell vindkraftverk<\/a><\/p>\n<p>Vi har tverrpolitisk engasjert oss i denne saken, og jeg har selv v\u00e6rt aktiv mot v\u00e5re folk p\u00e5 Stortinget. Jeg har ogs\u00e5 deltatt p\u00e5 folkem\u00f8ter om saken og hatt stor forst\u00e5else for lokalbefolkningens bekymringer. Jeg er bekymret for livskvaliteten i bygda, men ogs\u00e5 om grunnforholdene vil skade vei og skole, og etterhvert er ogs\u00e5 vannkvaliteten blitt et \u00f8kende proble,. Da er det s\u00e6rlig problematisk at NVE og n\u00e5 Regjeringen ikke lytter til statlige regionale organ som\u00a0<a class=\"profileLink\" href=\"https:\/\/www.facebook.com\/Mattilsynet\/?fref=mentions\" data-hovercard=\"\/ajax\/hovercard\/page.php?id=228498263898370&amp;extragetparams=%7B%22fref%22%3A%22mentions%22%7D\" data-hovercard-prefer-more-content-show=\"1\">Mattilsynet<\/a>,\u00a0<a class=\"profileLink\" href=\"https:\/\/www.facebook.com\/vegvesentromso\/?fref=mentions\" data-hovercard=\"\/ajax\/hovercard\/page.php?id=1137558512963593&amp;extragetparams=%7B%22fref%22%3A%22mentions%22%7D\" data-hovercard-prefer-more-content-show=\"1\">Statens vegvesen i Troms\u00f8<\/a>\u00a0og\u00a0<a class=\"profileLink\" href=\"https:\/\/www.facebook.com\/fylkesmannentroms\/?fref=mentions\" data-hovercard=\"\/ajax\/hovercard\/page.php?id=102610673480526&amp;extragetparams=%7B%22fref%22%3A%22mentions%22%7D\" data-hovercard-prefer-more-content-show=\"1\">Fylkesmannen i Troms<\/a>.<\/p>\n<p>Alt fordi de tyske investorene skal slippe 80 millioner kroner p\u00e5 et prosjekt som det skal investeres i for over 3. milliarder kroner! Med det ofres befolkningen, som vil oppleve usikkerhet knyttet til milj\u00f8,<span class=\"text_exposed_show\">\u00a0sikkerhet og leveforhold. Det etter en prosess som oser av hastverk og at\u00a0<a class=\"profileLink\" href=\"https:\/\/www.facebook.com\/norges.vassdrags.og.energidirektorat\/?fref=mentions\" data-hovercard=\"\/ajax\/hovercard\/page.php?id=206766994084&amp;extragetparams=%7B%22fref%22%3A%22mentions%22%7D\" data-hovercard-prefer-more-content-show=\"1\">NVE &#8211; Norges vassdrags- og energidirektorat<\/a>\u00a0har bestemt seg p\u00e5 forh\u00e5nd.<br \/>\n<\/span><a href=\"https:\/\/www.nordlys.no\/politikk\/skole\/olje-og-energidepartementet\/bygda-fortviler-over-vindmolle-planer-det-blir-stoy-stov-og-sykdom\/s\/5-34-791455\" target=\"_blank\" rel=\"noopener\"><span class=\"text_exposed_show\"><br \/>\nBladet Nordlys 15.2.18:\u00a0<\/span>Bygda fortviler over vindm\u00f8lle-planer: &#8211; Det blir st\u00f8y, st\u00f8v og sykdom<br \/>\n<\/a><span class=\"text_exposed_show\"><a href=\"https:\/\/www.nrk.no\/troms\/investorene-hadde-ingen-anelse-om-den-massive-motstanden-rundt-vindkraftverket-1.13919067\" target=\"_blank\" rel=\"noopener\">Nrk Troms 15.2.18 nvestorene hadde ingen anelse om den massive motstanden rundt vindkraftverket:\u00a0<\/a><\/span><\/p>\n<div class=\"text_exposed_show\">\n<p>Jeg er som sagt ogs\u00e5 skuffet over at det politiske Troms\u00f8 har s\u00e5 sv\u00e6rt liten innflytelse sentralt og da spesielt regjeringspartiene. For slik som representanter fra H\u00f8yre og FrP i Troms\u00f8 har ordlagt seg, b\u00e5de i kommunestyre, i media og i folkem\u00f8ter i Kattfjord, s\u00e5 burde man forvente at de hadde littegrann innflytelse p\u00e5 Regjeringen. Frps gruppeleder Anni Skogman og H\u00f8yres gruppeleder Erlend Svardal B\u00f8e \u00a0m\u00f8tte alts\u00e5 olje- og energiministeren en hel time om saken, men fikk ikke rikket han en millimeter. <strong>Det er skuffende!<\/strong><\/p>\n<\/div>\n","protected":false},"excerpt":{"rendered":"<p>Jeg er skuffet over at regjeringen og olje- og energiministeren neglisjerer lokalbefolkningen i Kattfjord og lokale folkevalgte i Troms\u00f8. Samtidig er jeg skuffet over at H\u00f8yre og FrP i Troms\u00f8 [&hellip;]<\/p>\n","protected":false},"author":2,"featured_media":1809,"comment_status":"open","ping_status":"open","sticky":false,"template":"","format":"standard","meta":{"jetpack_post_was_ever_published":false,"_jetpack_newsletter_access":"","_jetpack_dont_email_post_to_subs":false,"_jetpack_newsletter_tier_id":0,"_jetpack_memberships_contains_paywalled_content":false,"_jetpack_memberships_contains_paid_content":false,"footnotes":"","jetpack_publicize_message":"","jetpack_publicize_feature_enabled":true,"jetpack_social_post_already_shared":true,"jetpack_social_options":{"image_generator_settings":{"template":"highway","default_image_id":0,"font":"","enabled":false},"version":2}},"categories":[281],"tags":[870,282,869,867,868,688,866],"class_list":["post-2202","post","type-post","status-publish","format-standard","has-post-thumbnail","hentry","category-demokrati","tag-anni-skogman","tag-demokrati","tag-erlend-svardal-boe","tag-kattfjord","tag-kvittfjell","tag-raudfjell","tag-vannkraftverk"],"jetpack_publicize_connections":[],"jetpack_featured_media_url":"https:\/\/i0.wp.com\/jarleheitmann.no\/wp-content\/uploads\/2017\/11\/clouds-2587197_960_720.jpg?fit=960%2C640&ssl=1","jetpack_sharing_enabled":true,"jetpack_shortlink":"https:\/\/wp.me\/p6OCVj-zw","jetpack-related-posts":[],"_links":{"self":[{"href":"https:\/\/jarleheitmann.no\/index.php\/wp-json\/wp\/v2\/posts\/2202","targetHints":{"allow":["GET"]}}],"collection":[{"href":"https:\/\/jarleheitmann.no\/index.php\/wp-json\/wp\/v2\/posts"}],"about":[{"href":"https:\/\/jarleheitmann.no\/index.php\/wp-json\/wp\/v2\/types\/post"}],"author":[{"embeddable":true,"href":"https:\/\/jarleheitmann.no\/index.php\/wp-json\/wp\/v2\/users\/2"}],"replies":[{"embeddable":true,"href":"https:\/\/jarleheitmann.no\/index.php\/wp-json\/wp\/v2\/comments?post=2202"}],"version-history":[{"count":3,"href":"https:\/\/jarleheitmann.no\/index.php\/wp-json\/wp\/v2\/posts\/2202\/revisions"}],"predecessor-version":[{"id":2205,"href":"https:\/\/jarleheitmann.no\/index.php\/wp-json\/wp\/v2\/posts\/2202\/revisions\/2205"}],"wp:featuredmedia":[{"embeddable":true,"href":"https:\/\/jarleheitmann.no\/index.php\/wp-json\/wp\/v2\/media\/1809"}],"wp:attachment":[{"href":"https:\/\/jarleheitmann.no\/index.php\/wp-json\/wp\/v2\/media?parent=2202"}],"wp:term":[{"taxonomy":"category","embeddable":true,"href":"https:\/\/jarleheitmann.no\/index.php\/wp-json\/wp\/v2\/categories?post=2202"},{"taxonomy":"post_tag","embeddable":true,"href":"https:\/\/jarleheitmann.no\/index.php\/wp-json\/wp\/v2\/tags?post=2202"}],"curies":[{"name":"wp","href":"https:\/\/api.w.org\/{rel}","templated":true}]}}