{"id":1966,"date":"2018-01-10T13:52:47","date_gmt":"2018-01-10T12:52:47","guid":{"rendered":"http:\/\/jarleheitmann.no\/?p=1966"},"modified":"2018-01-10T13:54:46","modified_gmt":"2018-01-10T12:54:46","slug":"en-hovding-har-gatt-bort","status":"publish","type":"post","link":"https:\/\/jarleheitmann.no\/index.php\/2018\/01\/10\/en-hovding-har-gatt-bort\/","title":{"rendered":"En h\u00f8vding har g\u00e5tt bort"},"content":{"rendered":"<p>I dag kom den triste nyheten om at AP-h\u00f8vdingen Odvar Nordli er g\u00e5tt bort. Han var den f\u00f8rste statsministeren jeg selv husker.<br \/>\n<!--more--><\/p>\n<p>I 1979 var jeg 6 \u00e5r og husker at jeg satt sammen med min pappa og s\u00e5 valgdebatt p\u00e5 NRK. Underveis i sendingen, sa pappa med virkelig f\u00f8lelse i stemme, &#8211; &laquo;han Nordli han er virkelig en hedersmann, og er en av oss arbeidsfolk&raquo;. For meg ble derfor Oddvar Nordli den f\u00f8rste &laquo;superstjerne&raquo; i Arbeiderpartiet, som ogs\u00e5 ble mitt parti.<\/p>\n<p>S\u00e5 det var en trist nyhet at en av partiets store h\u00f8vdinger har g\u00e5tt bort. En som vi kan takke for den velferd og velstand vi har i dag. Jeg synes ogs\u00e5 min partileder Jonas Gahr St\u00f8res ord om Oddvar Nordli er fine \u00e5 dele og vil slik ogs\u00e5 lyse fred over Oddvar Nordlis minne.<\/p>\n<p><iframe loading=\"lazy\" style=\"border: none; overflow: hidden;\" src=\"https:\/\/www.facebook.com\/plugins\/post.php?href=https%3A%2F%2Fwww.facebook.com%2Fjonasgahrstore%2Fposts%2F10156218910264238&amp;width=500\" width=\"500\" height=\"740\" frameborder=\"0\" scrolling=\"no\"><\/iframe><\/p>\n","protected":false},"excerpt":{"rendered":"<p>I dag kom den triste nyheten om at AP-h\u00f8vdingen Odvar Nordli er g\u00e5tt bort. Han var den f\u00f8rste statsministeren jeg selv husker.<\/p>\n","protected":false},"author":2,"featured_media":1967,"comment_status":"open","ping_status":"open","sticky":false,"template":"","format":"standard","meta":{"jetpack_post_was_ever_published":false,"_jetpack_newsletter_access":"","_jetpack_dont_email_post_to_subs":false,"_jetpack_newsletter_tier_id":0,"_jetpack_memberships_contains_paywalled_content":false,"_jetpack_memberships_contains_paid_content":false,"footnotes":"","jetpack_publicize_message":"","jetpack_publicize_feature_enabled":true,"jetpack_social_post_already_shared":true,"jetpack_social_options":{"image_generator_settings":{"template":"highway","default_image_id":0,"font":"","enabled":false},"version":2}},"categories":[6],"tags":[259,757,756,65],"class_list":["post-1966","post","type-post","status-publish","format-standard","has-post-thumbnail","hentry","category-arbeiderpartiet","tag-arbeiderpartiet","tag-minneord","tag-oddvar-nordli","tag-statsminister"],"jetpack_publicize_connections":[],"jetpack_featured_media_url":"https:\/\/i0.wp.com\/jarleheitmann.no\/wp-content\/uploads\/2018\/01\/Oddvar-Nordli-e1515588876329.jpg?fit=300%2C397&ssl=1","jetpack_sharing_enabled":true,"jetpack_shortlink":"https:\/\/wp.me\/p6OCVj-vI","jetpack-related-posts":[],"_links":{"self":[{"href":"https:\/\/jarleheitmann.no\/index.php\/wp-json\/wp\/v2\/posts\/1966","targetHints":{"allow":["GET"]}}],"collection":[{"href":"https:\/\/jarleheitmann.no\/index.php\/wp-json\/wp\/v2\/posts"}],"about":[{"href":"https:\/\/jarleheitmann.no\/index.php\/wp-json\/wp\/v2\/types\/post"}],"author":[{"embeddable":true,"href":"https:\/\/jarleheitmann.no\/index.php\/wp-json\/wp\/v2\/users\/2"}],"replies":[{"embeddable":true,"href":"https:\/\/jarleheitmann.no\/index.php\/wp-json\/wp\/v2\/comments?post=1966"}],"version-history":[{"count":1,"href":"https:\/\/jarleheitmann.no\/index.php\/wp-json\/wp\/v2\/posts\/1966\/revisions"}],"predecessor-version":[{"id":1968,"href":"https:\/\/jarleheitmann.no\/index.php\/wp-json\/wp\/v2\/posts\/1966\/revisions\/1968"}],"wp:featuredmedia":[{"embeddable":true,"href":"https:\/\/jarleheitmann.no\/index.php\/wp-json\/wp\/v2\/media\/1967"}],"wp:attachment":[{"href":"https:\/\/jarleheitmann.no\/index.php\/wp-json\/wp\/v2\/media?parent=1966"}],"wp:term":[{"taxonomy":"category","embeddable":true,"href":"https:\/\/jarleheitmann.no\/index.php\/wp-json\/wp\/v2\/categories?post=1966"},{"taxonomy":"post_tag","embeddable":true,"href":"https:\/\/jarleheitmann.no\/index.php\/wp-json\/wp\/v2\/tags?post=1966"}],"curies":[{"name":"wp","href":"https:\/\/api.w.org\/{rel}","templated":true}]}}