{"id":1869,"date":"2017-12-06T10:16:21","date_gmt":"2017-12-06T09:16:21","guid":{"rendered":"http:\/\/jarleheitmann.no\/?p=1869"},"modified":"2017-12-06T10:46:11","modified_gmt":"2017-12-06T09:46:11","slug":"sissel-m-skoghaug-tromso-kommune-a-glad-glad","status":"publish","type":"post","link":"https:\/\/jarleheitmann.no\/index.php\/2017\/12\/06\/sissel-m-skoghaug-tromso-kommune-a-glad-glad\/","title":{"rendered":"Sissel M. Skoghaug: Troms\u00f8 \u2013 en kommune \u00e5 bli glad i og glad av!"},"content":{"rendered":"<figure id=\"attachment_1870\" aria-describedby=\"caption-attachment-1870\" style=\"width: 300px\" class=\"wp-caption alignleft\"><img data-recalc-dims=\"1\" loading=\"lazy\" decoding=\"async\" data-attachment-id=\"1870\" data-permalink=\"https:\/\/jarleheitmann.no\/index.php\/2017\/12\/06\/sissel-m-skoghaug-tromso-kommune-a-glad-glad\/sissel-m-skoghaug-foto-fagforbundet\/\" data-orig-file=\"https:\/\/i0.wp.com\/jarleheitmann.no\/wp-content\/uploads\/2017\/12\/Sissel-M.-Skoghaug-Foto-Fagforbundet.jpg?fit=3307%2C3307&amp;ssl=1\" data-orig-size=\"3307,3307\" data-comments-opened=\"1\" data-image-meta=\"{&quot;aperture&quot;:&quot;0&quot;,&quot;credit&quot;:&quot;&quot;,&quot;camera&quot;:&quot;&quot;,&quot;caption&quot;:&quot;&quot;,&quot;created_timestamp&quot;:&quot;0&quot;,&quot;copyright&quot;:&quot;&quot;,&quot;focal_length&quot;:&quot;0&quot;,&quot;iso&quot;:&quot;0&quot;,&quot;shutter_speed&quot;:&quot;0&quot;,&quot;title&quot;:&quot;&quot;,&quot;orientation&quot;:&quot;0&quot;}\" data-image-title=\"Sissel M. Skoghaug Foto Fagforbundet\" data-image-description=\"\" data-image-caption=\"&lt;p&gt;Sissel M. Skoghaug er nestleder i Fagforbundet.&lt;\/p&gt;\n\" data-medium-file=\"https:\/\/i0.wp.com\/jarleheitmann.no\/wp-content\/uploads\/2017\/12\/Sissel-M.-Skoghaug-Foto-Fagforbundet.jpg?fit=300%2C300&amp;ssl=1\" data-large-file=\"https:\/\/i0.wp.com\/jarleheitmann.no\/wp-content\/uploads\/2017\/12\/Sissel-M.-Skoghaug-Foto-Fagforbundet.jpg?fit=1024%2C1024&amp;ssl=1\" class=\"wp-image-1870 size-medium\" src=\"https:\/\/i0.wp.com\/jarleheitmann.no\/wp-content\/uploads\/2017\/12\/Sissel-M.-Skoghaug-Foto-Fagforbundet.jpg?resize=300%2C300&#038;ssl=1\" alt=\"\" width=\"300\" height=\"300\" srcset=\"https:\/\/i0.wp.com\/jarleheitmann.no\/wp-content\/uploads\/2017\/12\/Sissel-M.-Skoghaug-Foto-Fagforbundet.jpg?resize=300%2C300&amp;ssl=1 300w, https:\/\/i0.wp.com\/jarleheitmann.no\/wp-content\/uploads\/2017\/12\/Sissel-M.-Skoghaug-Foto-Fagforbundet.jpg?resize=150%2C150&amp;ssl=1 150w, https:\/\/i0.wp.com\/jarleheitmann.no\/wp-content\/uploads\/2017\/12\/Sissel-M.-Skoghaug-Foto-Fagforbundet.jpg?resize=768%2C768&amp;ssl=1 768w, https:\/\/i0.wp.com\/jarleheitmann.no\/wp-content\/uploads\/2017\/12\/Sissel-M.-Skoghaug-Foto-Fagforbundet.jpg?resize=1024%2C1024&amp;ssl=1 1024w, https:\/\/i0.wp.com\/jarleheitmann.no\/wp-content\/uploads\/2017\/12\/Sissel-M.-Skoghaug-Foto-Fagforbundet.jpg?resize=750%2C750&amp;ssl=1 750w, https:\/\/i0.wp.com\/jarleheitmann.no\/wp-content\/uploads\/2017\/12\/Sissel-M.-Skoghaug-Foto-Fagforbundet.jpg?w=2340&amp;ssl=1 2340w\" sizes=\"auto, (max-width: 300px) 100vw, 300px\" \/><figcaption id=\"caption-attachment-1870\" class=\"wp-caption-text\">Sissel M. Skoghaug er nestleder i Fagforbundet.<\/figcaption><\/figure>\n<p>Troms\u00f8 har alt! Fra natur til kultur! Fra midtnattsol til det stemningsfulle skumringslyset i m\u00f8rketiden &#8211; til det spektakul\u00e6re og mytiske nordlyset. Hav, fjell og vidder. \u00a0Men ikke bare det. Troms\u00f8 kommune har ogs\u00e5 Internasjonal strategi for 2015 -2020 som det er all grunn til \u00e5 f\u00e5 hjertebank av.<br \/>\n<!--more--><\/p>\n<p>Ok, s\u00e5 er det kanskje ikke s\u00e5 mange som har lest dokumentet, men det skal vi ikke fortvile over. Det viktigste er at politikken i strategidokumentet tar Troms\u00f8 og troms\u00f8v\u00e6ringer p\u00e5 kornet. For det Troms\u00f8 har mest av er folk med hjertevarme og evne til \u00e5 vise solidaritet.\u00a0 Vi vet det. Folk som gjester oss opplever det. Folk som flytter hit blir en del av det.<\/p>\n<p><a href=\"http:\/\/postliste.tromso.kommune.no\/application\/getDocument?filid=2160972.0\" target=\"_blank\" rel=\"noopener\">Last ned internasjonal strategi 2015 &#8211; 2020 (vedtatt i kommunestyret 31.5.17)<\/a><\/p>\n<p>Ordene som st\u00e5r i Internasjonal strategi for 2015 &#8211; 2020 er at Troms\u00f8 kommune skal oppmuntre til folk-til-folk samarbeid, legge til rette for internasjonal solidaritet og kulturell utveksling gjennom a\u030a st\u00f8tte ildsjeler, organisasjoner og andre som bringer verden til Troms\u00f8 og Troms\u00f8 til verden. Troms\u00f8 skal ogsa\u030a i framtida v\u00e6re en utadvendt og gjestfri kommune som bryr seg om andre folk og land.<\/p>\n<p>Troms\u00f8 er en internasjonal kommune. Folk fra hele 140 nasjoner bor her! Det vil si at folk fra nesten hele verden bor her. For det er 193 FN-stater i verden, i tillegg til Palestina som <em>kun <\/em>et lite mindretall av stater enn\u00e5 ikke har anerkjent som selvstendig stat.<\/p>\n<figure id=\"attachment_1872\" aria-describedby=\"caption-attachment-1872\" style=\"width: 300px\" class=\"wp-caption alignright\"><img data-recalc-dims=\"1\" loading=\"lazy\" decoding=\"async\" data-attachment-id=\"1872\" data-permalink=\"https:\/\/jarleheitmann.no\/index.php\/2017\/12\/06\/sissel-m-skoghaug-tromso-kommune-a-glad-glad\/gazastripen-er-vakker-i-soloppgang-men-blokaden-og-krigene-har-fort-til-at-fn-varsler-om-at-gaza-vil-vaere-ubeboelig-innen-2020-foto-ingunn-eriksen\/\" data-orig-file=\"https:\/\/i0.wp.com\/jarleheitmann.no\/wp-content\/uploads\/2017\/12\/Gazastripen-er-vakker-i-soloppgang-men-blokaden-og-krigene-har-f%C3%B8rt-til-at-FN-varsler-om-at-Gaza-vil-v%C3%A6re-ubeboelig-innen-2020.-Foto-Ingunn-Eriksen-.jpg?fit=4268%2C2845&amp;ssl=1\" data-orig-size=\"4268,2845\" data-comments-opened=\"1\" data-image-meta=\"{&quot;aperture&quot;:&quot;0&quot;,&quot;credit&quot;:&quot;&quot;,&quot;camera&quot;:&quot;&quot;,&quot;caption&quot;:&quot;&quot;,&quot;created_timestamp&quot;:&quot;1471926373&quot;,&quot;copyright&quot;:&quot;&quot;,&quot;focal_length&quot;:&quot;0&quot;,&quot;iso&quot;:&quot;0&quot;,&quot;shutter_speed&quot;:&quot;0&quot;,&quot;title&quot;:&quot;&quot;,&quot;orientation&quot;:&quot;0&quot;}\" data-image-title=\"Gazastripen er vakker i soloppgang, men blokaden og krigene har f\u00f8rt til at FN varsler om at Gaza vil v\u00e6re ubeboelig innen 2020. Foto Ingunn Eriksen\" data-image-description=\"\" data-image-caption=\"&lt;p&gt;Gazastripen er vakker i soloppgang, men blokaden og krigene har f\u00f8rt til at FN varsler om at Gaza vil v\u00e6re ubeboelig innen 2020.&lt;br \/&gt;\n(Foto: Ingunn-Eriksen)&lt;\/p&gt;\n\" data-medium-file=\"https:\/\/i0.wp.com\/jarleheitmann.no\/wp-content\/uploads\/2017\/12\/Gazastripen-er-vakker-i-soloppgang-men-blokaden-og-krigene-har-f%C3%B8rt-til-at-FN-varsler-om-at-Gaza-vil-v%C3%A6re-ubeboelig-innen-2020.-Foto-Ingunn-Eriksen-.jpg?fit=300%2C200&amp;ssl=1\" data-large-file=\"https:\/\/i0.wp.com\/jarleheitmann.no\/wp-content\/uploads\/2017\/12\/Gazastripen-er-vakker-i-soloppgang-men-blokaden-og-krigene-har-f%C3%B8rt-til-at-FN-varsler-om-at-Gaza-vil-v%C3%A6re-ubeboelig-innen-2020.-Foto-Ingunn-Eriksen-.jpg?fit=1024%2C683&amp;ssl=1\" class=\"size-medium wp-image-1872\" src=\"https:\/\/i0.wp.com\/jarleheitmann.no\/wp-content\/uploads\/2017\/12\/Gazastripen-er-vakker-i-soloppgang-men-blokaden-og-krigene-har-f%C3%B8rt-til-at-FN-varsler-om-at-Gaza-vil-v%C3%A6re-ubeboelig-innen-2020.-Foto-Ingunn-Eriksen-.jpg?resize=300%2C200&#038;ssl=1\" alt=\"\" width=\"300\" height=\"200\" srcset=\"https:\/\/i0.wp.com\/jarleheitmann.no\/wp-content\/uploads\/2017\/12\/Gazastripen-er-vakker-i-soloppgang-men-blokaden-og-krigene-har-f%C3%B8rt-til-at-FN-varsler-om-at-Gaza-vil-v%C3%A6re-ubeboelig-innen-2020.-Foto-Ingunn-Eriksen-.jpg?resize=300%2C200&amp;ssl=1 300w, https:\/\/i0.wp.com\/jarleheitmann.no\/wp-content\/uploads\/2017\/12\/Gazastripen-er-vakker-i-soloppgang-men-blokaden-og-krigene-har-f%C3%B8rt-til-at-FN-varsler-om-at-Gaza-vil-v%C3%A6re-ubeboelig-innen-2020.-Foto-Ingunn-Eriksen-.jpg?resize=768%2C512&amp;ssl=1 768w, https:\/\/i0.wp.com\/jarleheitmann.no\/wp-content\/uploads\/2017\/12\/Gazastripen-er-vakker-i-soloppgang-men-blokaden-og-krigene-har-f%C3%B8rt-til-at-FN-varsler-om-at-Gaza-vil-v%C3%A6re-ubeboelig-innen-2020.-Foto-Ingunn-Eriksen-.jpg?resize=1024%2C683&amp;ssl=1 1024w, https:\/\/i0.wp.com\/jarleheitmann.no\/wp-content\/uploads\/2017\/12\/Gazastripen-er-vakker-i-soloppgang-men-blokaden-og-krigene-har-f%C3%B8rt-til-at-FN-varsler-om-at-Gaza-vil-v%C3%A6re-ubeboelig-innen-2020.-Foto-Ingunn-Eriksen-.jpg?resize=750%2C500&amp;ssl=1 750w, https:\/\/i0.wp.com\/jarleheitmann.no\/wp-content\/uploads\/2017\/12\/Gazastripen-er-vakker-i-soloppgang-men-blokaden-og-krigene-har-f%C3%B8rt-til-at-FN-varsler-om-at-Gaza-vil-v%C3%A6re-ubeboelig-innen-2020.-Foto-Ingunn-Eriksen-.jpg?w=2340&amp;ssl=1 2340w, https:\/\/i0.wp.com\/jarleheitmann.no\/wp-content\/uploads\/2017\/12\/Gazastripen-er-vakker-i-soloppgang-men-blokaden-og-krigene-har-f%C3%B8rt-til-at-FN-varsler-om-at-Gaza-vil-v%C3%A6re-ubeboelig-innen-2020.-Foto-Ingunn-Eriksen-.jpg?w=3510&amp;ssl=1 3510w\" sizes=\"auto, (max-width: 300px) 100vw, 300px\" \/><figcaption id=\"caption-attachment-1872\" class=\"wp-caption-text\">Gazastripen er vakker i soloppgang, men blokaden og krigene har f\u00f8rt til at FN varsler om at Gaza vil v\u00e6re ubeboelig innen 2020.<br \/>(Foto: Ingunn-Eriksen)<\/figcaption><\/figure>\n<p>Troms\u00f8 har omsluttet Palestina i sine hjerter. Det kommer spesielt til uttrykk i at Troms\u00f8 er <a href=\"http:\/\/www.tromso-gaza.no\">vennskapsby med Gaza<\/a>. Vennskapet ble vedtatt av de to kommunestyrene i 2001. Mest kjent er den utrettelige innsamlingen <a href=\"https:\/\/www.facebook.com\/KrafttakForGaza\"><em>Krafttak for Gaza <\/em><\/a>hvor pengene g\u00e5r til proteseverkstedet i Gaza by.<\/p>\n<p>Som nestleder i <a href=\"http:\/\/www.fagforbundet.no\" target=\"_blank\" rel=\"noopener\">Fagforbundet<\/a>\u00a0siden 2013 har jeg f\u00e5tt st\u00f8rre forst\u00e5else for hvorfor vennskapsbyene Troms\u00f8 og Gaza passer sammen som h\u00e5nd i hanske. Det palestinske folket og troms\u00f8v\u00e6ringene har mye til felles, mer enn man skulle tro. \u00a0Jeg har m\u00f8tt palestinere fra Gaza her i Norge gjennom samarbeidsprosjektet Fagforbundet har med Norsk Folkehjelp. \u00a0I 2015 var jeg selv med p\u00e5 reise til Vestbredden.<\/p>\n<p><a href=\"https:\/\/frifagbevegelse.no\/loaktuelt\/uredd-men-ydmyk-pa-startstreken-6.158.81031.ee147feb45\" target=\"_blank\" rel=\"noopener\">Frifagbevegelse 3.12.2013:\u00a0Uredd, men ydmyk p\u00e5 startstreken<br \/>\n<\/a><a href=\"http:\/\/www.itromso.no\/nyheter\/article8619737.ece\" target=\"_blank\" rel=\"noopener\">iTroms\u00f8 13.11.13: Sissel M. Skoghaug fra Troms\u00f8 er valgt inn som ny nestleder i Fagforbundet.<\/a><\/p>\n<p>Jeg tenkte mye p\u00e5 lidelsene et okkupert folk er utsatt for da jeg reiste til Palestina. Jeg var ikke helt forberedt p\u00e5 at jeg skulle f\u00f8le meg s\u00e5 velkommen, m\u00f8te s\u00e5 mye gjestfrihet og varme. Veldig lik den nord-norske varmen. Jeg f\u00f8lte meg straks hjemme der.<\/p>\n<p>Jeg beundrer palestinerne vi m\u00f8tte for verdigheten de viste til tross for n\u00e6rmest umenneskelige p\u00e5kjenninger. P\u00e5gangsmotet til tross for \u00e5 ha mistet kj\u00e6re familiemedlemmer, hus og hjem. Evnen til \u00e5 la latteren sitte l\u00f8st selv n\u00e5r de er skviset fast i et jerngrep.\u00a0 Jeg har kjent p\u00e5 hvor befriende det har v\u00e6rt med humoren og hjertevarmen som jeg ogs\u00e5 kjenner igjen hos troms\u00f8v\u00e6ringer. Men jeg har ogs\u00e5 gr\u00e5tt. <a href=\"http:\/\/www.fagforbundet.no\/tema\/Solidaritetsprosjekter\/?article_id=130283\">Jeg har f\u00e5tt se alvoret p\u00e5 n\u00e6rt hold<\/a>.<\/p>\n<p><a href=\"http:\/\/www.itromso.no\/nyheter\/2017\/08\/30\/Vil-ha-mer-st%C3%B8tte-til-Gaza-15227918.ece\" target=\"_blank\" rel=\"noopener\">iTroms\u00f8 30.8.17:\u00a0<span class=\"t100\">Vil ha mer st\u00f8tte til Gaza<\/span><\/a><\/p>\n<p>Da Nelson Mandela deltok p\u00e5 46664 ARCTIC juni 2005 takket han Troms\u00f8s befolkning \u00abfor motet til \u00e5 erkjenne v\u00e5r felles menneskelighet og alt det inneb\u00e6rer\u201d. \u00a0Det kan vi v\u00e6re stolte av. Det er dette motet og denne erkjennelsen som ligger til grunn i v\u00e5rt vennskap med Gaza.<\/p>\n<blockquote><p><strong>Jeg er enorm stolt av og glad i Troms\u00f8 fordi vi har selvtillit nok til \u00e5 tro p\u00e5 at en liten by og kommune langt opp i nord kan f\u00e5 til forandringer ute i verden. Og folk i Troms\u00f8 har visjoner og handlekraft som sl\u00e5r st\u00f8dig f\u00f8lge med selvtilliten.<\/strong><\/p><\/blockquote>\n<p>&nbsp;<\/p>\n<p>&nbsp;<\/p>\n<p><em>Har du kommentarer eller innspill eller bare vil f\u00e5 nyheter om oppdateringer om bloggen min- g\u00e5 inn her:<\/em><\/p>\n<h1><a href=\"http:\/\/www.facebook.com\/JarleHeitmann\" target=\"_blank\" rel=\"noopener\"><strong>www.facebook.com\/JarleHeitmann<\/strong><\/a><\/h1>\n<p>&nbsp;<\/p>\n","protected":false},"excerpt":{"rendered":"<p>Troms\u00f8 har alt! Fra natur til kultur! Fra midtnattsol til det stemningsfulle skumringslyset i m\u00f8rketiden &#8211; til det spektakul\u00e6re og mytiske nordlyset. Hav, fjell og vidder. \u00a0Men ikke bare det. [&hellip;]<\/p>\n","protected":false},"author":2,"featured_media":1870,"comment_status":"open","ping_status":"open","sticky":false,"template":"","format":"standard","meta":{"jetpack_post_was_ever_published":false,"_jetpack_newsletter_access":"","_jetpack_dont_email_post_to_subs":false,"_jetpack_newsletter_tier_id":0,"_jetpack_memberships_contains_paywalled_content":false,"_jetpack_memberships_contains_paid_content":false,"footnotes":"","jetpack_publicize_message":"","jetpack_publicize_feature_enabled":true,"jetpack_social_post_already_shared":true,"jetpack_social_options":{"image_generator_settings":{"template":"highway","default_image_id":0,"font":"","enabled":false},"version":2}},"categories":[110],"tags":[],"class_list":["post-1869","post","type-post","status-publish","format-standard","has-post-thumbnail","hentry","category-gjesteblogger"],"jetpack_publicize_connections":[],"jetpack_featured_media_url":"https:\/\/i0.wp.com\/jarleheitmann.no\/wp-content\/uploads\/2017\/12\/Sissel-M.-Skoghaug-Foto-Fagforbundet.jpg?fit=3307%2C3307&ssl=1","jetpack_sharing_enabled":true,"jetpack_shortlink":"https:\/\/wp.me\/p6OCVj-u9","jetpack-related-posts":[],"_links":{"self":[{"href":"https:\/\/jarleheitmann.no\/index.php\/wp-json\/wp\/v2\/posts\/1869","targetHints":{"allow":["GET"]}}],"collection":[{"href":"https:\/\/jarleheitmann.no\/index.php\/wp-json\/wp\/v2\/posts"}],"about":[{"href":"https:\/\/jarleheitmann.no\/index.php\/wp-json\/wp\/v2\/types\/post"}],"author":[{"embeddable":true,"href":"https:\/\/jarleheitmann.no\/index.php\/wp-json\/wp\/v2\/users\/2"}],"replies":[{"embeddable":true,"href":"https:\/\/jarleheitmann.no\/index.php\/wp-json\/wp\/v2\/comments?post=1869"}],"version-history":[{"count":5,"href":"https:\/\/jarleheitmann.no\/index.php\/wp-json\/wp\/v2\/posts\/1869\/revisions"}],"predecessor-version":[{"id":1876,"href":"https:\/\/jarleheitmann.no\/index.php\/wp-json\/wp\/v2\/posts\/1869\/revisions\/1876"}],"wp:featuredmedia":[{"embeddable":true,"href":"https:\/\/jarleheitmann.no\/index.php\/wp-json\/wp\/v2\/media\/1870"}],"wp:attachment":[{"href":"https:\/\/jarleheitmann.no\/index.php\/wp-json\/wp\/v2\/media?parent=1869"}],"wp:term":[{"taxonomy":"category","embeddable":true,"href":"https:\/\/jarleheitmann.no\/index.php\/wp-json\/wp\/v2\/categories?post=1869"},{"taxonomy":"post_tag","embeddable":true,"href":"https:\/\/jarleheitmann.no\/index.php\/wp-json\/wp\/v2\/tags?post=1869"}],"curies":[{"name":"wp","href":"https:\/\/api.w.org\/{rel}","templated":true}]}}