{"id":1798,"date":"2017-11-21T19:52:12","date_gmt":"2017-11-21T18:52:12","guid":{"rendered":"http:\/\/jarleheitmann.no\/?p=1798"},"modified":"2017-11-22T00:17:06","modified_gmt":"2017-11-21T23:17:06","slug":"hap-havet-2018","status":"publish","type":"post","link":"https:\/\/jarleheitmann.no\/index.php\/2017\/11\/21\/hap-havet-2018\/","title":{"rendered":"H\u00e5p i havet 2018"},"content":{"rendered":"<p><img data-recalc-dims=\"1\" loading=\"lazy\" decoding=\"async\" data-attachment-id=\"1799\" data-permalink=\"https:\/\/jarleheitmann.no\/index.php\/2017\/11\/21\/hap-havet-2018\/hap-i-havet\/\" data-orig-file=\"https:\/\/i0.wp.com\/jarleheitmann.no\/wp-content\/uploads\/2017\/11\/H%C3%A5p-i-havet.png?fit=263%2C273&amp;ssl=1\" data-orig-size=\"263,273\" data-comments-opened=\"1\" data-image-meta=\"{&quot;aperture&quot;:&quot;0&quot;,&quot;credit&quot;:&quot;&quot;,&quot;camera&quot;:&quot;&quot;,&quot;caption&quot;:&quot;&quot;,&quot;created_timestamp&quot;:&quot;0&quot;,&quot;copyright&quot;:&quot;&quot;,&quot;focal_length&quot;:&quot;0&quot;,&quot;iso&quot;:&quot;0&quot;,&quot;shutter_speed&quot;:&quot;0&quot;,&quot;title&quot;:&quot;&quot;,&quot;orientation&quot;:&quot;0&quot;}\" data-image-title=\"H\u00e5p i havet\" data-image-description=\"\" data-image-caption=\"\" data-medium-file=\"https:\/\/i0.wp.com\/jarleheitmann.no\/wp-content\/uploads\/2017\/11\/H%C3%A5p-i-havet.png?fit=263%2C273&amp;ssl=1\" data-large-file=\"https:\/\/i0.wp.com\/jarleheitmann.no\/wp-content\/uploads\/2017\/11\/H%C3%A5p-i-havet.png?fit=263%2C273&amp;ssl=1\" class=\"alignleft wp-image-1799 size-full\" src=\"https:\/\/i0.wp.com\/jarleheitmann.no\/wp-content\/uploads\/2017\/11\/H%C3%A5p-i-havet.png?resize=263%2C273&#038;ssl=1\" alt=\"\" width=\"263\" height=\"273\" \/>H\u00e5p i Havet arrangeres for 16.\u00e5ret i Troms\u00f8 7. &#8211; 8 . februar 2018. Temaet for \u00e5rets konferanse er &#8211; \u201dEn samlet n\u00e6ring i en bl\u00e5 fremtid&raquo;! Denne uka kom et temaslipp p\u00e5 YouTube.<br \/>\n<!--more--><\/p>\n<div id=\"pgc-196-1-0\" class=\"panel-grid-cell\">\n<div id=\"panel-196-1-0-0\" class=\"so-panel widget widget_circleicon-widget panel-first-child panel-last-child\">\n<div class=\"circle-icon-box circle-icon-position-top circle-icon-hide-box circle-icon-size-small\">\n<p class=\"text\"><a href=\"http:\/\/www.haapihavet.com\/\" target=\"_blank\" rel=\"noopener\">H\u00e5p i Havet<\/a> er en \u00e5rlig konferanse ved UiT hvor fiskeri- og havbruksn\u00e6ringen er i fokus og arrangeres av\u00a0studenter ved fakultet for Biovitenskap, fiskeri og \u00f8konomi ved UiT Norges arktiske universitet. Den retter seg mot alle studenter, men ogs\u00e5 akt\u00f8rer innenfor n\u00e6ringsliv, forskningsmilj\u00f8 og politikk\/samfunnsliv. S\u00e5ledes er det blitt en viktig m\u00f8teplass for alle som er opptatt av maritime n\u00e6ringer og en bl\u00e5 framtid.<\/p>\n<p>Se videoen med temaslipp for 2018 &#8211; som ble publisert denne uka:<br \/>\n<iframe loading=\"lazy\" src=\"https:\/\/www.youtube.com\/embed\/5bpN4fQcET4\" width=\"560\" height=\"315\" frameborder=\"0\" allowfullscreen=\"allowfullscreen\"><\/iframe><\/p>\n","protected":false},"excerpt":{"rendered":"<p>H\u00e5p i Havet arrangeres for 16.\u00e5ret i Troms\u00f8 7. &#8211; 8 . februar 2018. Temaet for \u00e5rets konferanse er &#8211; \u201dEn samlet n\u00e6ring i en bl\u00e5 fremtid&raquo;! Denne uka kom [&hellip;]<\/p>\n","protected":false},"author":2,"featured_media":1799,"comment_status":"open","ping_status":"open","sticky":false,"template":"","format":"standard","meta":{"jetpack_post_was_ever_published":false,"_jetpack_newsletter_access":"","_jetpack_dont_email_post_to_subs":false,"_jetpack_newsletter_tier_id":0,"_jetpack_memberships_contains_paywalled_content":false,"_jetpack_memberships_contains_paid_content":false,"footnotes":"","jetpack_publicize_message":"","jetpack_publicize_feature_enabled":true,"jetpack_social_post_already_shared":true,"jetpack_social_options":{"image_generator_settings":{"template":"highway","default_image_id":0,"font":"","enabled":false},"version":2}},"categories":[600],"tags":[684,171,685,686,683,97,103,519,82],"class_list":["post-1798","post","type-post","status-publish","format-standard","has-post-thumbnail","hentry","category-anbefaling","tag-bla-naering","tag-fiskeri","tag-hav","tag-havrommet","tag-konferanse","tag-maritim","tag-maritime-naeringer","tag-sjomat","tag-uit"],"jetpack_publicize_connections":[],"jetpack_featured_media_url":"https:\/\/i0.wp.com\/jarleheitmann.no\/wp-content\/uploads\/2017\/11\/H%C3%A5p-i-havet.png?fit=263%2C273&ssl=1","jetpack_sharing_enabled":true,"jetpack_shortlink":"https:\/\/wp.me\/p6OCVj-t0","jetpack-related-posts":[],"_links":{"self":[{"href":"https:\/\/jarleheitmann.no\/index.php\/wp-json\/wp\/v2\/posts\/1798","targetHints":{"allow":["GET"]}}],"collection":[{"href":"https:\/\/jarleheitmann.no\/index.php\/wp-json\/wp\/v2\/posts"}],"about":[{"href":"https:\/\/jarleheitmann.no\/index.php\/wp-json\/wp\/v2\/types\/post"}],"author":[{"embeddable":true,"href":"https:\/\/jarleheitmann.no\/index.php\/wp-json\/wp\/v2\/users\/2"}],"replies":[{"embeddable":true,"href":"https:\/\/jarleheitmann.no\/index.php\/wp-json\/wp\/v2\/comments?post=1798"}],"version-history":[{"count":6,"href":"https:\/\/jarleheitmann.no\/index.php\/wp-json\/wp\/v2\/posts\/1798\/revisions"}],"predecessor-version":[{"id":1805,"href":"https:\/\/jarleheitmann.no\/index.php\/wp-json\/wp\/v2\/posts\/1798\/revisions\/1805"}],"wp:featuredmedia":[{"embeddable":true,"href":"https:\/\/jarleheitmann.no\/index.php\/wp-json\/wp\/v2\/media\/1799"}],"wp:attachment":[{"href":"https:\/\/jarleheitmann.no\/index.php\/wp-json\/wp\/v2\/media?parent=1798"}],"wp:term":[{"taxonomy":"category","embeddable":true,"href":"https:\/\/jarleheitmann.no\/index.php\/wp-json\/wp\/v2\/categories?post=1798"},{"taxonomy":"post_tag","embeddable":true,"href":"https:\/\/jarleheitmann.no\/index.php\/wp-json\/wp\/v2\/tags?post=1798"}],"curies":[{"name":"wp","href":"https:\/\/api.w.org\/{rel}","templated":true}]}}