{"id":1776,"date":"2017-11-21T09:45:06","date_gmt":"2017-11-21T08:45:06","guid":{"rendered":"http:\/\/jarleheitmann.no\/?p=1776"},"modified":"2017-11-21T22:09:11","modified_gmt":"2017-11-21T21:09:11","slug":"region-finnmark-tromso-hovedstad","status":"publish","type":"post","link":"https:\/\/jarleheitmann.no\/index.php\/2017\/11\/21\/region-finnmark-tromso-hovedstad\/","title":{"rendered":"Region Finnmark med Troms\u00f8 som hovedstad"},"content":{"rendered":"<p><img data-recalc-dims=\"1\" loading=\"lazy\" decoding=\"async\" data-attachment-id=\"1777\" data-permalink=\"https:\/\/jarleheitmann.no\/index.php\/2017\/11\/21\/region-finnmark-tromso-hovedstad\/finnmark\/\" data-orig-file=\"https:\/\/i0.wp.com\/jarleheitmann.no\/wp-content\/uploads\/2017\/11\/Finnmark.png?fit=1148%2C638&amp;ssl=1\" data-orig-size=\"1148,638\" data-comments-opened=\"1\" data-image-meta=\"{&quot;aperture&quot;:&quot;0&quot;,&quot;credit&quot;:&quot;&quot;,&quot;camera&quot;:&quot;&quot;,&quot;caption&quot;:&quot;&quot;,&quot;created_timestamp&quot;:&quot;0&quot;,&quot;copyright&quot;:&quot;&quot;,&quot;focal_length&quot;:&quot;0&quot;,&quot;iso&quot;:&quot;0&quot;,&quot;shutter_speed&quot;:&quot;0&quot;,&quot;title&quot;:&quot;&quot;,&quot;orientation&quot;:&quot;0&quot;}\" data-image-title=\"Finnmark\" data-image-description=\"\" data-image-caption=\"\" data-medium-file=\"https:\/\/i0.wp.com\/jarleheitmann.no\/wp-content\/uploads\/2017\/11\/Finnmark.png?fit=300%2C167&amp;ssl=1\" data-large-file=\"https:\/\/i0.wp.com\/jarleheitmann.no\/wp-content\/uploads\/2017\/11\/Finnmark.png?fit=1024%2C569&amp;ssl=1\" class=\"alignleft wp-image-1777 size-medium\" src=\"https:\/\/i0.wp.com\/jarleheitmann.no\/wp-content\/uploads\/2017\/11\/Finnmark.png?resize=300%2C167&#038;ssl=1\" alt=\"\" width=\"300\" height=\"167\" srcset=\"https:\/\/i0.wp.com\/jarleheitmann.no\/wp-content\/uploads\/2017\/11\/Finnmark.png?resize=300%2C167&amp;ssl=1 300w, https:\/\/i0.wp.com\/jarleheitmann.no\/wp-content\/uploads\/2017\/11\/Finnmark.png?resize=768%2C427&amp;ssl=1 768w, https:\/\/i0.wp.com\/jarleheitmann.no\/wp-content\/uploads\/2017\/11\/Finnmark.png?resize=1024%2C569&amp;ssl=1 1024w, https:\/\/i0.wp.com\/jarleheitmann.no\/wp-content\/uploads\/2017\/11\/Finnmark.png?resize=750%2C417&amp;ssl=1 750w, https:\/\/i0.wp.com\/jarleheitmann.no\/wp-content\/uploads\/2017\/11\/Finnmark.png?w=1148&amp;ssl=1 1148w\" sizes=\"auto, (max-width: 300px) 100vw, 300px\" \/>Det blir spennende n\u00e5r fylkeskommunene i Troms og Finnmark skal sl\u00e5 seg sammen til en region med ca. 240.000 innbyggere. Den nye regionen &laquo;Finnmark&raquo;, m\u00e5 f\u00e5 Troms\u00f8 som regionhovedstad.<br \/>\n<!--more--><\/p>\n<p>Navn og regionhovedstad er kanskje ikke det viktigste vil mange raskt peke p\u00e5 og innholdet er langt viktigere. Det er jeg enig i, men man kommer ikke bort fra at akkurat i denne fasen er navn og regionhovedstad viktig symbolsk \u00e5 komme seg igjennom. Og uansett gode intensjoner, n\u00e5r det skal diskuteres regionsammensl\u00e5ing, s\u00e5 ender ofte diskusjonene om akkurat disse to temaene.<\/p>\n<p>Jeg mener diskusjonen om regionens navn og hovedstad henger sammen. Fordi f\u00f8rste konklusjon m\u00e5 bli at hovedstaden skal ligge i Troms\u00f8. Dersom man raskt skal oppsummere argumentene for det, s\u00e5 dreier det seg om infrastruktur, tilgangen til kompetanse og universitetsmilj\u00f8et og arktisk hovedstad. Det er n\u00e5 blitt slik at Troms\u00f8 har f\u00e5tt tildelt Arktisk r\u00e5d, fordi det faste sekretariatet er blitt plassert her. S\u00e5lenge vi har disse funksjonene kan vi si at vi er en arktisk hovedstad. Men visst vi n\u00e5 skulle miste statusen som regionhovedstad, som vi inntil n\u00e5 har hatt i &laquo;Troms fylke&raquo;, s\u00e5 vil det kunne svekke v\u00e5rt status som arktisk hovedstad. Det er flere konkurrenter globalt som kunne tenke seg denne rollen. Derfor b\u00f8r vi sikre dette endelig, med at den nye regionen har Troms\u00f8 som hovedstad.<\/p>\n<p><a href=\"http:\/\/www.itromso.no\/nyheter\/2017\/10\/09\/N%C3%A5-skal-de-jobbe-for-Troms%C3%B8-som-arktisk-hovedstad-i-verden-15424239.ece\" target=\"_blank\" rel=\"noopener\">iTroms\u00f8 9.10.17: N\u00e5 skal de jobbe for Troms\u00f8 som arktisk hovedstad i verden<br \/>\n<\/a><a href=\"http:\/\/www.xn--nringslivnorge-0ib.no\/vekst-i-norge\/vekst-i-nord-norge\/tromso-den-arktiske-hovedstaden\" target=\"_blank\" rel=\"noopener\">N\u00e6ringslivNorge.no 09.2016: Troms\u00f8 &#8211; den arktiske hovedstaden<\/a><\/p>\n<p>N\u00e5r dette er bestemt, mener jeg navnet p\u00e5 den nye regionen ogs\u00e5 kommer naturlig. Det m\u00e5 bli Finnmark!<br \/>\nDet er et navn som er historisk forankret.\u00a0 Historikere har pekt p\u00e5 at &laquo;Finnmorken&raquo; har v\u00e6rt navn p\u00e5 omr\u00e5det helt ned til Salangen. Vi kjenner ogs\u00e5 til bruken av &laquo;Finnmarkens amt&raquo;, som ogs\u00e5 inkluderte deler av Troms.\u00a0 Men som sagt, hovedstaden og navnet henger sammen. Fordi vi n\u00e5 har en historisk mulighet til \u00e5 knytte to sterke merkenavn sammen. Det er helt rett som bl.a. Jakob Arvola pekte p\u00e5 i sitt innlegg i Nord norsk debatt, at vi n\u00e5 m\u00e5 tenke kommersielt. I den nye regionen m\u00e5 vi snu oss raskt rundt for \u00e5 henge med i markedet. Spesielt n\u00e5r det gjelder reiselivet. Det er flere sterke merkenavn i Nord-Norge. Lofoten, Senja, Troms\u00f8 og Finnmark er kanskje de sterkeste. Det er ihvertfall hit mange utenlandske turister vil dra til. Tenk \u00e5 kunne kople sammen to sterke merkenavn som Troms\u00f8 og Finnmark! Kom verdens turister til region Finnmark, som har Troms\u00f8 som hovedstad. Eller kom til den arktiske hovedstaden og regionhovedstaden i Finnmark. Opplev byen, f\u00f8r du reiser nordover i regionen, \u00e5 opplever Finnmarkskysten, Finnmarksvidda eller Finnmarks fjorder, som Varangerfjorden. Det ville styrket b\u00e5de Troms\u00f8 og det som i dag er Finnmark.<\/p>\n<p><a href=\"http:\/\/nordnorskdebatt.no\/article\/copyright-finnmark\" target=\"_blank\" rel=\"noopener\">Innlegg i Nord-norsk debatt 11.11.17: Jakob Arvola: Copyright Finnmark<\/a><\/p>\n<p>Dette ville ogs\u00e5 sikre at Troms\u00f8 og fremtidens Troms\u00f8-politikere slutter opp om regionen og kan v\u00e6re med i arbeidet for \u00e5 utvikle regionen. Jeg er redd for det motsatte, hvor Troms\u00f8 kjenner seg best selv, og da vil se seg best tjent med \u00e5 selv overta oppgaver. Fordi en by som i folketall er p\u00e5 samme st\u00f8rrelse som dagens Finnmark totalt, har verkt\u00f8y til \u00e5 ta oppgaver p\u00e5 egen kj\u00f8l. Men lar du Troms\u00f8 f\u00e5 ta rollen som regionhovedstad, vil blikket v\u00e6re utover i regionen og ikke en isolasjons-holdning. At Troms\u00f8 g\u00e5r fra \u00e5 v\u00e6re halvparten av befolkningen i Troms, til 1\/3-del av befolkningen i &laquo;Nye Finnmark&raquo;, vil ogs\u00e5 bety at Troms\u00f8 kanskje blir mindre &laquo;skremmende&raquo; i den totale regionen, enn man kanskje har blitt fremstilt som. Det kan ogs\u00e5 hjelpe p\u00e5, at den nye regionen b\u00f8r ha omfattende desentralisering som grunnid\u00e9. Det betyr at Vads\u00f8, Hammerfest, Alta, Finnsnes og Harstad m\u00e5 f\u00e5 mange fylkeskommunale arbeidsplasser. I dag er Troms et meget desentralisert fylke. F.eks er 1\/2 av de kulturansatte i Harstad, mens 2\/3 av samferdsel sitter p\u00e5 Finnsnes. Derfor m\u00e5 f.eks Vads\u00f8 f\u00e5 beholde omfattende antall regionale arbeidsplasser. For det er arbeidsplassene som er viktig for Vads\u00f8, mens hovedstadsbegrepet er viktig for Troms\u00f8. Derfor b\u00f8r man kunne komme til enighet.<\/p>\n<p>Uansett velger jeg \u00e5 se positivt og fremover lent p\u00e5 sammensl\u00e5ingen.<\/p>\n<blockquote><p><strong>For en ny region Finnmark med Troms\u00f8 som regionhovedstad &#8211; det kan virkelig bli en knallsterk kombinasjon!<\/strong><\/p><\/blockquote>\n<p>&nbsp;<\/p>\n<p><em>Har du kommentarer eller innspill til gjestebloggen eller bare vil f\u00e5 nyheter om oppdateringer her \u2013 bruk gjerne:<\/em><\/p>\n<h1><a href=\"http:\/\/www.facebook.com\/JarleHeitmann\" target=\"_blank\" rel=\"noopener\"><strong>www.facebook.com\/JarleHeitmann<\/strong><\/a><\/h1>\n","protected":false},"excerpt":{"rendered":"<p>Det blir spennende n\u00e5r fylkeskommunene i Troms og Finnmark skal sl\u00e5 seg sammen til en region med ca. 240.000 innbyggere. Den nye regionen &laquo;Finnmark&raquo;, m\u00e5 f\u00e5 Troms\u00f8 som regionhovedstad.<\/p>\n","protected":false},"author":2,"featured_media":1777,"comment_status":"open","ping_status":"open","sticky":false,"template":"","format":"standard","meta":{"jetpack_post_was_ever_published":false,"_jetpack_newsletter_access":"","_jetpack_dont_email_post_to_subs":false,"_jetpack_newsletter_tier_id":0,"_jetpack_memberships_contains_paywalled_content":false,"_jetpack_memberships_contains_paid_content":false,"footnotes":"","jetpack_publicize_message":"","jetpack_publicize_feature_enabled":true,"jetpack_social_post_already_shared":true,"jetpack_social_options":{"image_generator_settings":{"template":"highway","default_image_id":0,"font":"","enabled":false},"version":2}},"categories":[673],"tags":[432,330,674,675,676,372,525,677,293],"class_list":["post-1776","post","type-post","status-publish","format-standard","has-post-thumbnail","hentry","category-region","tag-arktisk-hovedstad","tag-finnmark","tag-finnmark-nord-norge","tag-fylkeskommune","tag-hovedstad","tag-region","tag-regionreform","tag-regionshovedstad","tag-troms"],"jetpack_publicize_connections":[],"jetpack_featured_media_url":"https:\/\/i0.wp.com\/jarleheitmann.no\/wp-content\/uploads\/2017\/11\/Finnmark.png?fit=1148%2C638&ssl=1","jetpack_sharing_enabled":true,"jetpack_shortlink":"https:\/\/wp.me\/p6OCVj-sE","jetpack-related-posts":[],"_links":{"self":[{"href":"https:\/\/jarleheitmann.no\/index.php\/wp-json\/wp\/v2\/posts\/1776","targetHints":{"allow":["GET"]}}],"collection":[{"href":"https:\/\/jarleheitmann.no\/index.php\/wp-json\/wp\/v2\/posts"}],"about":[{"href":"https:\/\/jarleheitmann.no\/index.php\/wp-json\/wp\/v2\/types\/post"}],"author":[{"embeddable":true,"href":"https:\/\/jarleheitmann.no\/index.php\/wp-json\/wp\/v2\/users\/2"}],"replies":[{"embeddable":true,"href":"https:\/\/jarleheitmann.no\/index.php\/wp-json\/wp\/v2\/comments?post=1776"}],"version-history":[{"count":7,"href":"https:\/\/jarleheitmann.no\/index.php\/wp-json\/wp\/v2\/posts\/1776\/revisions"}],"predecessor-version":[{"id":1784,"href":"https:\/\/jarleheitmann.no\/index.php\/wp-json\/wp\/v2\/posts\/1776\/revisions\/1784"}],"wp:featuredmedia":[{"embeddable":true,"href":"https:\/\/jarleheitmann.no\/index.php\/wp-json\/wp\/v2\/media\/1777"}],"wp:attachment":[{"href":"https:\/\/jarleheitmann.no\/index.php\/wp-json\/wp\/v2\/media?parent=1776"}],"wp:term":[{"taxonomy":"category","embeddable":true,"href":"https:\/\/jarleheitmann.no\/index.php\/wp-json\/wp\/v2\/categories?post=1776"},{"taxonomy":"post_tag","embeddable":true,"href":"https:\/\/jarleheitmann.no\/index.php\/wp-json\/wp\/v2\/tags?post=1776"}],"curies":[{"name":"wp","href":"https:\/\/api.w.org\/{rel}","templated":true}]}}