{"id":1617,"date":"2017-09-27T02:04:47","date_gmt":"2017-09-27T00:04:47","guid":{"rendered":"http:\/\/gladitromso.no\/?p=1617"},"modified":"2017-09-27T02:07:27","modified_gmt":"2017-09-27T00:07:27","slug":"katharina-torheim-byen-idretten-hjerte","status":"publish","type":"post","link":"https:\/\/jarleheitmann.no\/index.php\/2017\/09\/27\/katharina-torheim-byen-idretten-hjerte\/","title":{"rendered":"Katharina Torheim: Byen v\u00e5r og idretten i mitt hjerte"},"content":{"rendered":"<figure id=\"attachment_1618\" aria-describedby=\"caption-attachment-1618\" style=\"width: 261px\" class=\"wp-caption alignleft\"><img data-recalc-dims=\"1\" loading=\"lazy\" decoding=\"async\" data-attachment-id=\"1618\" data-permalink=\"https:\/\/jarleheitmann.no\/index.php\/2017\/09\/27\/katharina-torheim-byen-idretten-hjerte\/dsc_0729_2\/\" data-orig-file=\"https:\/\/i0.wp.com\/jarleheitmann.no\/wp-content\/uploads\/2017\/09\/DSC_0729_2-e1506470831372.jpg?fit=400%2C460&amp;ssl=1\" data-orig-size=\"400,460\" data-comments-opened=\"1\" data-image-meta=\"{&quot;aperture&quot;:&quot;0&quot;,&quot;credit&quot;:&quot;&quot;,&quot;camera&quot;:&quot;&quot;,&quot;caption&quot;:&quot;&quot;,&quot;created_timestamp&quot;:&quot;0&quot;,&quot;copyright&quot;:&quot;&quot;,&quot;focal_length&quot;:&quot;0&quot;,&quot;iso&quot;:&quot;0&quot;,&quot;shutter_speed&quot;:&quot;0&quot;,&quot;title&quot;:&quot;&quot;,&quot;orientation&quot;:&quot;0&quot;}\" data-image-title=\"DSC_0729_2\" data-image-description=\"\" data-image-caption=\"&lt;p&gt;Katharina Torheim er&lt;br \/&gt;\nstyremedlem og tidl.leder), turnmamma, ildsjel og hallbygger i Troms\u00f8 Turnforening.&lt;\/p&gt;\n\" data-medium-file=\"https:\/\/i0.wp.com\/jarleheitmann.no\/wp-content\/uploads\/2017\/09\/DSC_0729_2-e1506470831372.jpg?fit=261%2C300&amp;ssl=1\" data-large-file=\"https:\/\/i0.wp.com\/jarleheitmann.no\/wp-content\/uploads\/2017\/09\/DSC_0729_2-e1506470831372.jpg?fit=890%2C1024&amp;ssl=1\" class=\"wp-image-1618 size-medium\" src=\"https:\/\/i0.wp.com\/gladitromso.no\/wp-content\/uploads\/2017\/09\/DSC_0729_2-e1506469741534-261x300.jpg?resize=261%2C300\" alt=\"\" width=\"261\" height=\"300\" \/><figcaption id=\"caption-attachment-1618\" class=\"wp-caption-text\">Katharina Torheim er<br \/> styremedlem og tidl. leder), turnmamma, ildsjel og hallbygger i Troms\u00f8 Turnforening.<\/figcaption><\/figure>\n<p>Troms\u00f8; en varm by oppe i nord. En by i vekst. En moderne by. En \u00e5pen og internasjonal by. En by som gjerne vil favne over alt. En by som vil sees og h\u00f8res i verden. En by med meninger. En by med sjel.<br \/>\n<!--more--><\/p>\n<p>Ja, man kan si mye om byen vi alle er s\u00e5 glad i, men det er ogs\u00e5 blitt en by som noen tydeligvis elsker \u00e5 hate. Noen hyler over for h\u00f8ye hus i sentrum, d\u00e5rlig vedlikehold p\u00e5 kommunale bygg, for smal Stakkevollvei, nei til badeland, og inngripen i Troms\u00f8marka. Er dette fordi innbyggerne er veldig engasjerte, eller er det fordi de bare liker \u00e5 klage? Er vi blitt en gjeng med sytpeisa? Sitter vi p\u00e5 r\u00e6va og venter p\u00e5 at kommunen og politikerne skal ta tak i alt? Hvor er gl\u00f8den? Jeg undres, og til tider gremmes jeg. Jeg innser ogs\u00e5 at skal man f\u00e5 noe gjort s\u00e5 m\u00e5 man av og til gj\u00f8re det selv.<\/p>\n<figure id=\"attachment_1620\" aria-describedby=\"caption-attachment-1620\" style=\"width: 150px\" class=\"wp-caption alignright\"><img data-recalc-dims=\"1\" loading=\"lazy\" decoding=\"async\" data-attachment-id=\"1620\" data-permalink=\"https:\/\/jarleheitmann.no\/index.php\/2017\/09\/27\/katharina-torheim-byen-idretten-hjerte\/img_20150418_121025\/\" data-orig-file=\"https:\/\/i0.wp.com\/jarleheitmann.no\/wp-content\/uploads\/2017\/09\/IMG_20150418_121025.jpg?fit=1772%2C1772&amp;ssl=1\" data-orig-size=\"1772,1772\" data-comments-opened=\"1\" data-image-meta=\"{&quot;aperture&quot;:&quot;0&quot;,&quot;credit&quot;:&quot;&quot;,&quot;camera&quot;:&quot;&quot;,&quot;caption&quot;:&quot;&quot;,&quot;created_timestamp&quot;:&quot;0&quot;,&quot;copyright&quot;:&quot;&quot;,&quot;focal_length&quot;:&quot;0&quot;,&quot;iso&quot;:&quot;0&quot;,&quot;shutter_speed&quot;:&quot;0&quot;,&quot;title&quot;:&quot;&quot;,&quot;orientation&quot;:&quot;0&quot;}\" data-image-title=\"IMG_20150418_121025\" data-image-description=\"\" data-image-caption=\"&lt;p&gt;Troms\u00f8 turnforening gir et tllbud til mange hundre barn og unge. (foto: privat)&lt;\/p&gt;\n\" data-medium-file=\"https:\/\/i0.wp.com\/jarleheitmann.no\/wp-content\/uploads\/2017\/09\/IMG_20150418_121025.jpg?fit=300%2C300&amp;ssl=1\" data-large-file=\"https:\/\/i0.wp.com\/jarleheitmann.no\/wp-content\/uploads\/2017\/09\/IMG_20150418_121025.jpg?fit=1024%2C1024&amp;ssl=1\" class=\"wp-image-1620 size-thumbnail\" src=\"https:\/\/i0.wp.com\/gladitromso.no\/wp-content\/uploads\/2017\/09\/IMG_20150418_121025-150x150.jpg?resize=150%2C150\" alt=\"\" width=\"150\" height=\"150\" srcset=\"https:\/\/i0.wp.com\/jarleheitmann.no\/wp-content\/uploads\/2017\/09\/IMG_20150418_121025.jpg?resize=150%2C150&amp;ssl=1 150w, https:\/\/i0.wp.com\/jarleheitmann.no\/wp-content\/uploads\/2017\/09\/IMG_20150418_121025.jpg?resize=300%2C300&amp;ssl=1 300w, https:\/\/i0.wp.com\/jarleheitmann.no\/wp-content\/uploads\/2017\/09\/IMG_20150418_121025.jpg?resize=768%2C768&amp;ssl=1 768w, https:\/\/i0.wp.com\/jarleheitmann.no\/wp-content\/uploads\/2017\/09\/IMG_20150418_121025.jpg?resize=1024%2C1024&amp;ssl=1 1024w, https:\/\/i0.wp.com\/jarleheitmann.no\/wp-content\/uploads\/2017\/09\/IMG_20150418_121025.jpg?resize=750%2C750&amp;ssl=1 750w, https:\/\/i0.wp.com\/jarleheitmann.no\/wp-content\/uploads\/2017\/09\/IMG_20150418_121025.jpg?w=1772&amp;ssl=1 1772w\" sizes=\"auto, (max-width: 150px) 100vw, 150px\" \/><figcaption id=\"caption-attachment-1620\" class=\"wp-caption-text\">Troms\u00f8 turnforening gir et tllbud til mange hundre barn og unge. (foto: privat)<\/figcaption><\/figure>\n<p>Tidlig p\u00e5 90-tallet var vi en gjeng med unge Troms\u00f8turnere som begynte \u00e5 leke med ideen om en egen turnhall i byen. Vi holdt til i en forholdsvis ny kommunal idrettshall, Gyllenborghallen. Dette var en hall Troms\u00f8 Turnforening hadde g\u00e5tt inn med midler i, og klubben hadde begynt \u00e5 sl\u00e5 rot i hallen. Der hadde vi eget klubbrom med kj\u00f8kken og kontor, men forholdene ute i hallen var ikke av de beste. P\u00e5 denne tiden var turnsporten i endring, nordnorsk turn hevdet seg meget godt nasjonalt, og turn som bredde- og allidrett \u00f8kte i popularitet. De fysiske m\u00e5lene p\u00e5 Gyllenborghallen tilfredsstilte ikke idrettens krav, s\u00e5 vi drev konkurranseturn p\u00e5 dispensasjon fra forbundet. Vi vokste rett og slett ut av Gyllenborghallen.<\/p>\n<p>Troms\u00f8 Turnforening kjemper med kommunen og mot kommunen, vi sloss om halltid, om \u00e5 f\u00e5 ha fastmontert utstyr framme for \u00e5 slippe daglig rigging, utstyr som blokkerer r\u00f8mningsveier, om \u00e5 f\u00e5 ha \u00e5pen hall i ferier og for retten til parkering. Vi har investert svette, t\u00e5rer og gr\u00e5 h\u00e5r i den hallen. Samtidig som vi ogs\u00e5 har mange fantastiske minner fra \u00e5rene i Gyllenborghallen. Lukta i hallen, svette turndrakter, magnesiumst\u00f8vet og vaffelod\u00f8ren. Og det er nettopp dette som er v\u00e5r identitet. Det er dette som er v\u00e5r hverdag. Dette er oss.<\/p>\n<figure id=\"attachment_1621\" aria-describedby=\"caption-attachment-1621\" style=\"width: 300px\" class=\"wp-caption alignleft\"><img data-recalc-dims=\"1\" loading=\"lazy\" decoding=\"async\" data-attachment-id=\"1621\" data-permalink=\"https:\/\/jarleheitmann.no\/index.php\/2017\/09\/27\/katharina-torheim-byen-idretten-hjerte\/20161209_173127\/\" data-orig-file=\"https:\/\/i0.wp.com\/jarleheitmann.no\/wp-content\/uploads\/2017\/09\/20161209_173127.jpg?fit=4032%2C2268&amp;ssl=1\" data-orig-size=\"4032,2268\" data-comments-opened=\"1\" data-image-meta=\"{&quot;aperture&quot;:&quot;0&quot;,&quot;credit&quot;:&quot;&quot;,&quot;camera&quot;:&quot;&quot;,&quot;caption&quot;:&quot;&quot;,&quot;created_timestamp&quot;:&quot;0&quot;,&quot;copyright&quot;:&quot;&quot;,&quot;focal_length&quot;:&quot;0&quot;,&quot;iso&quot;:&quot;0&quot;,&quot;shutter_speed&quot;:&quot;0&quot;,&quot;title&quot;:&quot;&quot;,&quot;orientation&quot;:&quot;0&quot;}\" data-image-title=\"20161209_173127\" data-image-description=\"\" data-image-caption=\"&lt;p&gt;Barn fra Troms\u00f8 turnforening i aksjon. (foto: privat)&lt;\/p&gt;\n\" data-medium-file=\"https:\/\/i0.wp.com\/jarleheitmann.no\/wp-content\/uploads\/2017\/09\/20161209_173127.jpg?fit=300%2C169&amp;ssl=1\" data-large-file=\"https:\/\/i0.wp.com\/jarleheitmann.no\/wp-content\/uploads\/2017\/09\/20161209_173127.jpg?fit=1024%2C576&amp;ssl=1\" class=\"size-medium wp-image-1621\" src=\"https:\/\/i0.wp.com\/gladitromso.no\/wp-content\/uploads\/2017\/09\/20161209_173127-300x169.jpg?resize=300%2C169\" alt=\"\" width=\"300\" height=\"169\" srcset=\"https:\/\/i0.wp.com\/jarleheitmann.no\/wp-content\/uploads\/2017\/09\/20161209_173127.jpg?resize=300%2C169&amp;ssl=1 300w, https:\/\/i0.wp.com\/jarleheitmann.no\/wp-content\/uploads\/2017\/09\/20161209_173127.jpg?resize=768%2C432&amp;ssl=1 768w, https:\/\/i0.wp.com\/jarleheitmann.no\/wp-content\/uploads\/2017\/09\/20161209_173127.jpg?resize=1024%2C576&amp;ssl=1 1024w, https:\/\/i0.wp.com\/jarleheitmann.no\/wp-content\/uploads\/2017\/09\/20161209_173127.jpg?resize=750%2C422&amp;ssl=1 750w, https:\/\/i0.wp.com\/jarleheitmann.no\/wp-content\/uploads\/2017\/09\/20161209_173127.jpg?w=2340&amp;ssl=1 2340w, https:\/\/i0.wp.com\/jarleheitmann.no\/wp-content\/uploads\/2017\/09\/20161209_173127.jpg?w=3510&amp;ssl=1 3510w\" sizes=\"auto, (max-width: 300px) 100vw, 300px\" \/><figcaption id=\"caption-attachment-1621\" class=\"wp-caption-text\">Barn fra Troms\u00f8 turnforening i aksjon. (foto: privat)<\/figcaption><\/figure>\n<p>Hvordan f\u00e5 til dr\u00f8mmen om en ny hall? N\u00e5r kommer kommunen til \u00e5 bygge oss en ny hall? Hva vil det koste om vi bygger en egen hall? Hvor skal hallen st\u00e5? Vi som p\u00e5 90-tallet var engasjerte ungdommer i turnforeninga er n\u00e5 godt voksne, foreldre, besteforeldre, styremedlemmer, &#8211; og vi har ikke gitt opp og har fortsatt et brennende engasjement for klubben i v\u00e5rt hjerte; Troms\u00f8 Turnforening \u2013 Nordkalottens eldste idrettsforening anno 1862.<\/p>\n<p>Vi vurderte mange l\u00f8sninger, og vi konkluderte med at om vi skulle flytte s\u00e5 skulle HELE klubben med p\u00e5 flyttelasset. Alle v\u00e5re 800 medlemmer pluss nye medlemmer skal f\u00e5 turne i trygge omgivelser, vi skal vokse, og vi skal styrke v\u00e5r klubb\u00e5nd. Vi er EN klubb, og skal ut\u00f8ve idretten v\u00e5r under samme tak. En annen dr\u00f8m vi bar p\u00e5 hadde ogs\u00e5 begynt \u00e5 spire. Dr\u00f8mmen om \u00e5 kunne bygge en hall som kan v\u00e6re et samlingspunkt for turnere fra hele landet, og som ogs\u00e5 kan v\u00e6re en arena der andre idretter f\u00e5r m\u00f8te turnsporten. Turn \u2013 legger grunnlaget for all idrett. Turn \u2013 er blodslit og terping, men er ogs\u00e5 kilde til glede og mestring p\u00e5 alle niv\u00e5 og for alle aldre. Dette tok vi med oss som de viktigste elementene i v\u00e5r framtidsdr\u00f8m.<\/p>\n<p><a href=\"http:\/\/www.itromso.no\/pluss\/2016\/10\/17\/Hun-vil-gi-tilbud-til-500-nye-turnere-med-ny-turnhall-Jeg-er-f%C3%B8dt-optimist-13656281.ece\" target=\"_blank\" rel=\"noopener\">iTroms\u00f8 17.10.16:\u00a0Hun vil gi tilbud til 500 nye turnere med ny turnhall: &#8211; Jeg er f\u00f8dt optimist\u00a0<\/a><br \/>\n<a href=\"http:\/\/gladitromso.no\/index.php\/2016\/12\/11\/turnvenn\/\" target=\"_blank\" rel=\"noopener\">Glad i Troms\u00f8 11.12.16:\u00a0Turnvenn og stolt av det!<\/a><\/p>\n<p>Alle i byen kjenner vel n\u00e5 historien rundt hva som s\u00e5 skjedde. Avsnittet over p\u00e5g\u00e5r over mange, mange \u00e5r, utallige m\u00f8ter med investorer, Idrettsbyen Troms\u00f8, Troms\u00f8 Idrettsr\u00e5d, Norges Gymnastikk- og Turnforbund, kommunen med r\u00f8dt kommunestyre, bl\u00e5tt kommunestyre, r\u00f8dt kommunestyre igjen osv osv. Vi er ildsjeler som ofrer fritid, feriedager, familieliv og nattes\u00f8vn for turnsporten. Vi brenner for dette, og vi ser kun EN mulighet. &#8211; Egen turnhall, som vi bygger selv.<\/p>\n<figure id=\"attachment_1622\" aria-describedby=\"caption-attachment-1622\" style=\"width: 300px\" class=\"wp-caption alignright\"><img data-recalc-dims=\"1\" loading=\"lazy\" decoding=\"async\" data-attachment-id=\"1622\" data-permalink=\"https:\/\/jarleheitmann.no\/index.php\/2017\/09\/27\/katharina-torheim-byen-idretten-hjerte\/20170920_211625\/\" data-orig-file=\"https:\/\/i0.wp.com\/jarleheitmann.no\/wp-content\/uploads\/2017\/09\/20170920_211625.jpg?fit=2592%2C1944&amp;ssl=1\" data-orig-size=\"2592,1944\" data-comments-opened=\"1\" data-image-meta=\"{&quot;aperture&quot;:&quot;0&quot;,&quot;credit&quot;:&quot;&quot;,&quot;camera&quot;:&quot;&quot;,&quot;caption&quot;:&quot;&quot;,&quot;created_timestamp&quot;:&quot;0&quot;,&quot;copyright&quot;:&quot;&quot;,&quot;focal_length&quot;:&quot;0&quot;,&quot;iso&quot;:&quot;0&quot;,&quot;shutter_speed&quot;:&quot;0&quot;,&quot;title&quot;:&quot;&quot;,&quot;orientation&quot;:&quot;0&quot;}\" data-image-title=\"20170920_211625\" data-image-description=\"\" data-image-caption=\"&lt;p&gt;P\u00e5 Templarheimen reiser n\u00e5 den nye turnhallen seg, etter en gigantisk dugnadsinnsats fra turnforeningens medlemmer.&lt;\/p&gt;\n\" data-medium-file=\"https:\/\/i0.wp.com\/jarleheitmann.no\/wp-content\/uploads\/2017\/09\/20170920_211625.jpg?fit=300%2C225&amp;ssl=1\" data-large-file=\"https:\/\/i0.wp.com\/jarleheitmann.no\/wp-content\/uploads\/2017\/09\/20170920_211625.jpg?fit=1024%2C768&amp;ssl=1\" class=\"size-medium wp-image-1622\" src=\"https:\/\/i0.wp.com\/gladitromso.no\/wp-content\/uploads\/2017\/09\/20170920_211625-300x225.jpg?resize=300%2C225\" alt=\"\" width=\"300\" height=\"225\" srcset=\"https:\/\/i0.wp.com\/jarleheitmann.no\/wp-content\/uploads\/2017\/09\/20170920_211625.jpg?resize=300%2C225&amp;ssl=1 300w, https:\/\/i0.wp.com\/jarleheitmann.no\/wp-content\/uploads\/2017\/09\/20170920_211625.jpg?resize=768%2C576&amp;ssl=1 768w, https:\/\/i0.wp.com\/jarleheitmann.no\/wp-content\/uploads\/2017\/09\/20170920_211625.jpg?resize=1024%2C768&amp;ssl=1 1024w, https:\/\/i0.wp.com\/jarleheitmann.no\/wp-content\/uploads\/2017\/09\/20170920_211625.jpg?resize=750%2C563&amp;ssl=1 750w, https:\/\/i0.wp.com\/jarleheitmann.no\/wp-content\/uploads\/2017\/09\/20170920_211625.jpg?w=2340&amp;ssl=1 2340w\" sizes=\"auto, (max-width: 300px) 100vw, 300px\" \/><figcaption id=\"caption-attachment-1622\" class=\"wp-caption-text\">P\u00e5 Templarheimen reiser n\u00e5 den nye turnhallen seg, etter en gigantisk dugnadsinnsats fra turnforeningens medlemmer.<\/figcaption><\/figure>\n<p>Templarheimen er omr\u00e5det det skal satses p\u00e5 if\u00f8lge kommunens langtidsplan, og det er her vi omsider ogs\u00e5 fikk festet ei tomt til hallen v\u00e5r. I dag st\u00e5r bygget der. Snart ferdig. Stort og flott. Vi er s\u00e5 stolte at vi nesten sprekker. Vi gleder oss som 4 \u00e5ringer p\u00e5 julaften til \u00e5 kunne ta p\u00e5 treningst\u00f8yet og g\u00e5 inn i hallen. Vi har jobbet i over 30 \u00e5r for dette. Dugnadsarbeidet har resultert i et bygg til over 50 millioner. Et bygg som er v\u00e5rt! Troms\u00f8 Turnforenings EGEN turnhall!<\/p>\n<p><a href=\"http:\/\/tromsoturn.no\/arkiv\/2015-2\/ny-turnhall-bildepresentasjon\/\" target=\"_blank\" rel=\"noopener\">Troms\u00f8 turnforening: Se flott bildepresentasjon av den nye turnhallen<\/a><\/p>\n<p>Kj\u00e6re Troms\u00f8borgere, kj\u00e6re klagera og sytpeisa. Tenk p\u00e5 hva som faktisk skjer p\u00e5 Templarheimen i disse dager. Dette er historisk. Tenk hva byen v\u00e5r n\u00e5 snart kan glede seg over. Tenk p\u00e5 alle dugnadstimene enkelte legger ned for at kanskje akkurat DITT barn eller barnebarn skal f\u00e5 muligheten til \u00e5 drive idrett i Troms\u00f8. Gled dere over dette slik vi gj\u00f8r! Og v\u00e6r s\u00e5 snill og tenk dere om f\u00f8r dere slenger kommentarer om at turnhallen kunne sett penere ut, og at den kunne v\u00e6rt utsmykket og pyntet p\u00e5 slik at den ser lekker ut for de som g\u00e5r forbi. Ta deg heller turen bort til vinduene og se inn i hallen, eller kanskje t\u00f8r du komme inn d\u00f8ra og hilse p\u00e5 idretten v\u00e5r. Jeg tror dere vil bli overrasket.<\/p>\n<p><strong>Velkommen skal dere v\u00e6re!<\/strong><\/p>\n<p>&nbsp;<\/p>\n<p><span style=\"color: #0000ff;\"><a href=\"http:\/\/www.facebook.com\/gladitromso\"><b>Klikk her for \u00e5 like Jarle Heitmanns side p\u00e5 Facebook \u2013 f\u00e5 oppdateringer p\u00e5 nye bloggposter og nyheter om Troms\u00f8 og Troms\u00f8-politikken<\/b><\/a><b>.<\/b><\/span><\/p>\n","protected":false},"excerpt":{"rendered":"<p>Troms\u00f8; en varm by oppe i nord. En by i vekst. En moderne by. En \u00e5pen og internasjonal by. En by som gjerne vil favne over alt. En by som [&hellip;]<\/p>\n","protected":false},"author":2,"featured_media":1618,"comment_status":"open","ping_status":"open","sticky":false,"template":"","format":"standard","meta":{"jetpack_post_was_ever_published":false,"_jetpack_newsletter_access":"","_jetpack_dont_email_post_to_subs":true,"_jetpack_newsletter_tier_id":0,"_jetpack_memberships_contains_paywalled_content":false,"_jetpack_memberships_contains_paid_content":false,"footnotes":"","jetpack_publicize_message":"","jetpack_publicize_feature_enabled":true,"jetpack_social_post_already_shared":true,"jetpack_social_options":{"image_generator_settings":{"template":"highway","default_image_id":0,"font":"","enabled":false},"version":2}},"categories":[110],"tags":[111,62,389,237,236,642,240],"class_list":["post-1617","post","type-post","status-publish","format-standard","has-post-thumbnail","hentry","category-gjesteblogger","tag-gjesteblogger","tag-idrett","tag-idrettsbyen","tag-tromso-turnforening","tag-turn","tag-turnforening","tag-turnhallen"],"jetpack_publicize_connections":[],"jetpack_featured_media_url":"https:\/\/i0.wp.com\/jarleheitmann.no\/wp-content\/uploads\/2017\/09\/DSC_0729_2-e1506470831372.jpg?fit=400%2C460&ssl=1","jetpack_sharing_enabled":true,"jetpack_shortlink":"https:\/\/wp.me\/p6OCVj-q5","jetpack-related-posts":[],"_links":{"self":[{"href":"https:\/\/jarleheitmann.no\/index.php\/wp-json\/wp\/v2\/posts\/1617","targetHints":{"allow":["GET"]}}],"collection":[{"href":"https:\/\/jarleheitmann.no\/index.php\/wp-json\/wp\/v2\/posts"}],"about":[{"href":"https:\/\/jarleheitmann.no\/index.php\/wp-json\/wp\/v2\/types\/post"}],"author":[{"embeddable":true,"href":"https:\/\/jarleheitmann.no\/index.php\/wp-json\/wp\/v2\/users\/2"}],"replies":[{"embeddable":true,"href":"https:\/\/jarleheitmann.no\/index.php\/wp-json\/wp\/v2\/comments?post=1617"}],"version-history":[{"count":4,"href":"https:\/\/jarleheitmann.no\/index.php\/wp-json\/wp\/v2\/posts\/1617\/revisions"}],"predecessor-version":[{"id":1625,"href":"https:\/\/jarleheitmann.no\/index.php\/wp-json\/wp\/v2\/posts\/1617\/revisions\/1625"}],"wp:featuredmedia":[{"embeddable":true,"href":"https:\/\/jarleheitmann.no\/index.php\/wp-json\/wp\/v2\/media\/1618"}],"wp:attachment":[{"href":"https:\/\/jarleheitmann.no\/index.php\/wp-json\/wp\/v2\/media?parent=1617"}],"wp:term":[{"taxonomy":"category","embeddable":true,"href":"https:\/\/jarleheitmann.no\/index.php\/wp-json\/wp\/v2\/categories?post=1617"},{"taxonomy":"post_tag","embeddable":true,"href":"https:\/\/jarleheitmann.no\/index.php\/wp-json\/wp\/v2\/tags?post=1617"}],"curies":[{"name":"wp","href":"https:\/\/api.w.org\/{rel}","templated":true}]}}