{"id":1581,"date":"2017-08-29T23:35:05","date_gmt":"2017-08-29T21:35:05","guid":{"rendered":"http:\/\/gladitromso.no\/?p=1581"},"modified":"2017-08-30T09:38:48","modified_gmt":"2017-08-30T07:38:48","slug":"nye-muligheter-portland-maine","status":"publish","type":"post","link":"https:\/\/jarleheitmann.no\/index.php\/2017\/08\/29\/nye-muligheter-portland-maine\/","title":{"rendered":"Nye muligheter i Portland, Maine"},"content":{"rendered":"<figure id=\"attachment_1583\" aria-describedby=\"caption-attachment-1583\" style=\"width: 300px\" class=\"wp-caption alignleft\"><img data-recalc-dims=\"1\" loading=\"lazy\" decoding=\"async\" data-attachment-id=\"1583\" data-permalink=\"https:\/\/jarleheitmann.no\/index.php\/2017\/08\/29\/nye-muligheter-portland-maine\/maine-1919821_960_720\/\" data-orig-file=\"https:\/\/i0.wp.com\/jarleheitmann.no\/wp-content\/uploads\/2017\/08\/maine-1919821_960_720.jpg?fit=960%2C640&amp;ssl=1\" data-orig-size=\"960,640\" data-comments-opened=\"1\" data-image-meta=\"{&quot;aperture&quot;:&quot;0&quot;,&quot;credit&quot;:&quot;&quot;,&quot;camera&quot;:&quot;&quot;,&quot;caption&quot;:&quot;&quot;,&quot;created_timestamp&quot;:&quot;0&quot;,&quot;copyright&quot;:&quot;&quot;,&quot;focal_length&quot;:&quot;0&quot;,&quot;iso&quot;:&quot;0&quot;,&quot;shutter_speed&quot;:&quot;0&quot;,&quot;title&quot;:&quot;&quot;,&quot;orientation&quot;:&quot;0&quot;}\" data-image-title=\"maine-1919821_960_720\" data-image-description=\"\" data-image-caption=\"&lt;p&gt;Maine, Portland.&lt;\/p&gt;\n\" data-medium-file=\"https:\/\/i0.wp.com\/jarleheitmann.no\/wp-content\/uploads\/2017\/08\/maine-1919821_960_720.jpg?fit=300%2C200&amp;ssl=1\" data-large-file=\"https:\/\/i0.wp.com\/jarleheitmann.no\/wp-content\/uploads\/2017\/08\/maine-1919821_960_720.jpg?fit=960%2C640&amp;ssl=1\" class=\"size-medium wp-image-1583\" src=\"https:\/\/i0.wp.com\/gladitromso.no\/wp-content\/uploads\/2017\/08\/maine-1919821_960_720-300x200.jpg?resize=300%2C200\" alt=\"Maine, Portland.\" width=\"300\" height=\"200\" srcset=\"https:\/\/i0.wp.com\/jarleheitmann.no\/wp-content\/uploads\/2017\/08\/maine-1919821_960_720.jpg?resize=300%2C200&amp;ssl=1 300w, https:\/\/i0.wp.com\/jarleheitmann.no\/wp-content\/uploads\/2017\/08\/maine-1919821_960_720.jpg?resize=768%2C512&amp;ssl=1 768w, https:\/\/i0.wp.com\/jarleheitmann.no\/wp-content\/uploads\/2017\/08\/maine-1919821_960_720.jpg?resize=750%2C500&amp;ssl=1 750w, https:\/\/i0.wp.com\/jarleheitmann.no\/wp-content\/uploads\/2017\/08\/maine-1919821_960_720.jpg?w=960&amp;ssl=1 960w\" sizes=\"auto, (max-width: 300px) 100vw, 300px\" \/><figcaption id=\"caption-attachment-1583\" class=\"wp-caption-text\">Maine, Portland. (foto: Pixabay.com)<\/figcaption><\/figure>\n<p>Jeg gleder meg til \u00e5 reise sammen med en norsk handelsdelegasjon i oktober til Portland i delstaten Maine. M\u00e5let er skape nye muligheter for\u00a0\u00f8kt handel mellom fire havnebyer i Arktis.<br \/>\n<!--more--><\/p>\n<p>Delstaten Maine i USA, har de siste \u00e5rene jobbet strategisk for \u00e5 utvikle handelsforbindelser i Arktis. Dette skjedde med bakgrunn i at det islandske rederiet i 2013 Eimskip la sin amerikanske havn til Portland, Maine. Eimskip har ruter fra USA til Gr\u00f8nland, Island og Nord-Europa, her inkludert Norge.<\/p>\n<p>Ramb\u00f8lls kontor i Troms\u00f8\u00a0med direkt\u00f8r Nils Arne Johnsen i spissen, har ogs\u00e5 det siste \u00e5ret st\u00e5tt sentral i et prosjekt som skal utvikle handelen og relasjonen mellom havnebyene Troms\u00f8, Reykjavik, Nuuk p\u00e5 Gr\u00f8nland og alts\u00e5 Portland, Maine. Det er ogs\u00e5 Ramb\u00f8ll i Troms\u00f8 som n\u00e5 organiserer handelsdelegasjonen, som skal reise til Portland fra 3.- 6.oktober.<\/p>\n<p><a href=\"http:\/\/nftr.no\/2017\/08\/bli-med-pa-spennende-handelsdelegasjon-til-portland-i-maine-i-usa\" target=\"_blank\">NFTR (N\u00e6ringsforeningen i Troms\u00f8-regionen) 15.8.17: Bli med p\u00e5 spennende handels\u00addelegasjon til Portland i Maine i USA!<\/a><br \/>\n<a href=\"http:\/\/gladitromso.no\/index.php\/2017\/02\/17\/viktig-milepael-breivika-havn-nord\/\" target=\"_blank\">Glad i Troms\u00f8 17.2.17: Viktig milep\u00e6l i Breivika havn nord<\/a><br \/>\n<a href=\"https:\/\/nilsajohnsen.com\/2017\/06\/22\/nord-norge-har-forretningsmuligheter-hos-naboer-i-vest\/\" target=\"_blank\">Nils Arne Johnsens blogg 22.6.17: Nord-Norge har forretningsmuligheter hos naboer i\u00a0vest<\/a><\/p>\n<figure id=\"attachment_985\" aria-describedby=\"caption-attachment-985\" style=\"width: 300px\" class=\"wp-caption alignright\"><img data-recalc-dims=\"1\" loading=\"lazy\" decoding=\"async\" data-attachment-id=\"985\" data-permalink=\"https:\/\/jarleheitmann.no\/index.php\/2017\/02\/17\/viktig-milepael-breivika-havn-nord\/eimskip\/\" data-orig-file=\"https:\/\/i0.wp.com\/jarleheitmann.no\/wp-content\/uploads\/2017\/02\/EImskip.jpg?fit=1065%2C550&amp;ssl=1\" data-orig-size=\"1065,550\" data-comments-opened=\"1\" data-image-meta=\"{&quot;aperture&quot;:&quot;0&quot;,&quot;credit&quot;:&quot;&quot;,&quot;camera&quot;:&quot;&quot;,&quot;caption&quot;:&quot;&quot;,&quot;created_timestamp&quot;:&quot;0&quot;,&quot;copyright&quot;:&quot;&quot;,&quot;focal_length&quot;:&quot;0&quot;,&quot;iso&quot;:&quot;0&quot;,&quot;shutter_speed&quot;:&quot;0&quot;,&quot;title&quot;:&quot;&quot;,&quot;orientation&quot;:&quot;0&quot;}\" data-image-title=\"EImskip\" data-image-description=\"\" data-image-caption=\"&lt;p&gt;Rutekart for Eimskip-konsernet.&lt;\/p&gt;\n\" data-medium-file=\"https:\/\/i0.wp.com\/jarleheitmann.no\/wp-content\/uploads\/2017\/02\/EImskip.jpg?fit=300%2C155&amp;ssl=1\" data-large-file=\"https:\/\/i0.wp.com\/jarleheitmann.no\/wp-content\/uploads\/2017\/02\/EImskip.jpg?fit=1024%2C529&amp;ssl=1\" class=\"wp-image-985 size-medium\" src=\"https:\/\/i0.wp.com\/gladitromso.no\/wp-content\/uploads\/2017\/02\/EImskip-300x155.jpg?resize=300%2C155\" alt=\"Rutekart for Eimskip-konsernet.\" width=\"300\" height=\"155\" srcset=\"https:\/\/i0.wp.com\/jarleheitmann.no\/wp-content\/uploads\/2017\/02\/EImskip.jpg?resize=300%2C155&amp;ssl=1 300w, https:\/\/i0.wp.com\/jarleheitmann.no\/wp-content\/uploads\/2017\/02\/EImskip.jpg?resize=768%2C397&amp;ssl=1 768w, https:\/\/i0.wp.com\/jarleheitmann.no\/wp-content\/uploads\/2017\/02\/EImskip.jpg?resize=1024%2C529&amp;ssl=1 1024w, https:\/\/i0.wp.com\/jarleheitmann.no\/wp-content\/uploads\/2017\/02\/EImskip.jpg?resize=750%2C387&amp;ssl=1 750w, https:\/\/i0.wp.com\/jarleheitmann.no\/wp-content\/uploads\/2017\/02\/EImskip.jpg?w=1065&amp;ssl=1 1065w\" sizes=\"auto, (max-width: 300px) 100vw, 300px\" \/><figcaption id=\"caption-attachment-985\" class=\"wp-caption-text\">Rutekart for Eimskip-konsernet.<\/figcaption><\/figure>\n<p>I januar hadde jeg et spennende m\u00f8te med Jonathan Nass (republikaner), som er chairman for <a class=\"profileLink\" href=\"https:\/\/www.facebook.com\/pages\/Port-of-Portland-Maine\/138019966220591\" data-hovercard=\"\/ajax\/hovercard\/page.php?id=138019966220591\" data-hovercard-prefer-more-content-show=\"1\">Port of Portland (Maine)<\/a>, USA. Alts\u00e5 samme posisjon som jeg har i Troms\u00f8 Havn KF. Vi snakket om at Troms\u00f8 og Portland kan samarbeide om \u00e5 skape mer sj\u00f8transport av varer og mennesker mellom havnene v\u00e5re eller i det nettverket som skapes videre fra havnene. N\u00e5r Eimskip ogs\u00e5 i Troms\u00f8 f\u00e5r fryselager og nye lokaliteter, vil vi ha stilt oss i en slik posisjon, at vi kan skape nyt muligheter. Vi har i dag en eksport p\u00e5 ca. 80.000 tonn hvitfisk fra fryseterminalene i Troms\u00f8.\u00a0 Av dette havner allerede 10% i Portland, transportert av Eimskip. Men denne eksporten kan ogs\u00e5 utvides til \u00e5 omfatte mer. F.eks bygg og anlegg, reiseliv, marin bioprospektering, arktisk matproduksjon osv. Jeg gleder meg derfor til \u00e5 m\u00f8te Jonathan Nass p\u00e5 nytt og\u00a0l\u00e6re mer om havna i Portland og hvordan den er bygd ut. Jeg gleder meg ogs\u00e5 til \u00e5 fortelle om de milep\u00e6lene vi n\u00e5 g\u00e5r igjennom i Troms\u00f8, spesielt i Breivika Nord. Det kan som sagt skape nye muligheter.<\/p>\n<p>For Troms\u00f8 som en arktisk hovedstad er ogs\u00e5 internasjonal arktisk forretningsutvikling viktig. Offentlige myndigheter, slik som Troms\u00f8 Havn KF, kan tilrettelegge og investere i infrastruktur. Men skal denne infrastrukturen f\u00f8re til \u00f8kt handel og \u00f8kt varetransport, s\u00e5 m\u00e5 n\u00e6ringslivet selv skape disse relasjonene. Jeg h\u00e5per derfor\u00a0at mange fra n\u00e6ringslivet i Troms\u00f8 benytter anledningen til \u00e5 delta i handelsdelegasjonen. For \u00e5 v\u00e6re med \u00e5 skape nye muligheter &#8211; n\u00e5 i Portland, Maine.<\/p>\n<p><a href=\"http:\/\/www.facebook.com\/JarleHeitmann\" target=\"_blank\">Klikk og lik gjerne\u00a0Glad i Troms\u00f8 \/ Jarle Heitmann p\u00e5 Facebook!<\/a><\/p>\n","protected":false},"excerpt":{"rendered":"<p>Jeg gleder meg til \u00e5 reise sammen med en norsk handelsdelegasjon i oktober til Portland i delstaten Maine. M\u00e5let er skape nye muligheter for\u00a0\u00f8kt handel mellom fire havnebyer i Arktis.<\/p>\n","protected":false},"author":2,"featured_media":1583,"comment_status":"open","ping_status":"open","sticky":false,"template":"","format":"standard","meta":{"jetpack_post_was_ever_published":false,"_jetpack_newsletter_access":"","_jetpack_dont_email_post_to_subs":true,"_jetpack_newsletter_tier_id":0,"_jetpack_memberships_contains_paywalled_content":false,"_jetpack_memberships_contains_paid_content":false,"footnotes":"","jetpack_publicize_message":"","jetpack_publicize_feature_enabled":true,"jetpack_social_post_already_shared":true,"jetpack_social_options":{"image_generator_settings":{"template":"highway","default_image_id":0,"font":"","enabled":false},"version":2}},"categories":[551],"tags":[432,627,79,628,629,23,196,630,388],"class_list":["post-1581","post","type-post","status-publish","format-standard","has-post-thumbnail","hentry","category-internasjonalt","tag-arktisk-hovedstad","tag-handelsdelegasjon","tag-internasjonalt","tag-maine","tag-portland","tag-tromso","tag-tromso-havn","tag-utenriks","tag-utvikling"],"jetpack_publicize_connections":[],"jetpack_featured_media_url":"https:\/\/i0.wp.com\/jarleheitmann.no\/wp-content\/uploads\/2017\/08\/maine-1919821_960_720.jpg?fit=960%2C640&ssl=1","jetpack_sharing_enabled":true,"jetpack_shortlink":"https:\/\/wp.me\/p6OCVj-pv","jetpack-related-posts":[],"_links":{"self":[{"href":"https:\/\/jarleheitmann.no\/index.php\/wp-json\/wp\/v2\/posts\/1581","targetHints":{"allow":["GET"]}}],"collection":[{"href":"https:\/\/jarleheitmann.no\/index.php\/wp-json\/wp\/v2\/posts"}],"about":[{"href":"https:\/\/jarleheitmann.no\/index.php\/wp-json\/wp\/v2\/types\/post"}],"author":[{"embeddable":true,"href":"https:\/\/jarleheitmann.no\/index.php\/wp-json\/wp\/v2\/users\/2"}],"replies":[{"embeddable":true,"href":"https:\/\/jarleheitmann.no\/index.php\/wp-json\/wp\/v2\/comments?post=1581"}],"version-history":[{"count":5,"href":"https:\/\/jarleheitmann.no\/index.php\/wp-json\/wp\/v2\/posts\/1581\/revisions"}],"predecessor-version":[{"id":1587,"href":"https:\/\/jarleheitmann.no\/index.php\/wp-json\/wp\/v2\/posts\/1581\/revisions\/1587"}],"wp:featuredmedia":[{"embeddable":true,"href":"https:\/\/jarleheitmann.no\/index.php\/wp-json\/wp\/v2\/media\/1583"}],"wp:attachment":[{"href":"https:\/\/jarleheitmann.no\/index.php\/wp-json\/wp\/v2\/media?parent=1581"}],"wp:term":[{"taxonomy":"category","embeddable":true,"href":"https:\/\/jarleheitmann.no\/index.php\/wp-json\/wp\/v2\/categories?post=1581"},{"taxonomy":"post_tag","embeddable":true,"href":"https:\/\/jarleheitmann.no\/index.php\/wp-json\/wp\/v2\/tags?post=1581"}],"curies":[{"name":"wp","href":"https:\/\/api.w.org\/{rel}","templated":true}]}}