{"id":1407,"date":"2017-06-20T21:00:18","date_gmt":"2017-06-20T19:00:18","guid":{"rendered":"http:\/\/gladitromso.no\/?p=1407"},"modified":"2017-06-21T01:26:23","modified_gmt":"2017-06-20T23:26:23","slug":"toves-sang-pa-stortinget","status":"publish","type":"post","link":"https:\/\/jarleheitmann.no\/index.php\/2017\/06\/20\/toves-sang-pa-stortinget\/","title":{"rendered":"Toves verdige punktum p\u00e5 Stortinget"},"content":{"rendered":"<p>Tove Karoline Knutsen har sittet p\u00e5 Stortinget for Troms og siden 2005. N\u00e5 gir hun seg etter tolv \u00e5 og\u00a0for et &laquo;punktum&raquo; hun satte for en lang og flott karriere.<br \/>\n<!--more--><br \/>\nHer er video fra Tove Karolines siste innlegg p\u00e5 Stortinget.<\/p>\n<p><iframe loading=\"lazy\" style=\"border: none; overflow: hidden;\" src=\"https:\/\/www.facebook.com\/plugins\/video.php?href=https%3A%2F%2Fwww.facebook.com%2Fsonvis%2Fvideos%2F10154424906726249%2F&amp;show_text=0&amp;width=560\" width=\"560\" height=\"315\" frameborder=\"0\" scrolling=\"no\" allowfullscreen=\"allowfullscreen\"><\/iframe><\/p>\n<p>Jeg og mange andre blir \u00e5 savne Tove Karoline p\u00e5 Stortinget. Hun har gjort en formidabel innsats, innenfor f\u00f8rst familie- og kulturkomiteen (2005-2009), mens\u00a0 de sist to periodene har hun sittet i\u00a0helse- og omsorgskomiteen. Der har hun frontet disse sp\u00f8rsm\u00e5lene med kunnskap , klokskap og folkelighet. Jeg jobbet i Landsforeningen for hjerte- og lungesyke i perioden 2010-2013, og fikk jobbe med sentrale helsemyndigheter. Da skj\u00f8nte jeg hvilket sterk innsats hun gjorde p\u00e5 dette feltet.<\/p>\n<p><a href=\"https:\/\/www.stortinget.no\/no\/Representanter-og-komiteer\/Representantene\/Representantfordeling\/Representant\/?perid=TKK\" target=\"_blank\">Tove Karoline Knutsen -biografi p\u00e5 Stortinget.no<\/a><br \/>\n<a href=\"http:\/\/www.itromso.no\/nyheter\/2016\/05\/23\/Gir-seg-p%C3%A5-Stortinget-12777478.ece\" target=\"_blank\">iTroms\u00f8 23.5.16: Gir seg p\u00e5 Stortinget<\/a><\/p>\n<p>Jeg synes ogs\u00e5 det er vemodig at Tove Karoline skal gi seg, ogs\u00e5 fordi jeg husker nominasjonsm\u00f8tet i 2005, hvor hun ble nominert for f\u00f8rste gang. Som dav\u00e6rende org. nestleder i Troms\u00f8 Arbeiderparti &laquo;kastet&raquo; jeg meg inn i kampen for \u00e5 sikre Anne Marit Bj\u00f8rnflaten p\u00e5 2. plass, og Tove Karoline Knutsen p\u00e5 3.plass som Aps klare kampkandidat. I dag n\u00e5r vi ogs\u00e5 skal kjempe om \u00e5 f\u00e5 tre inn \u00e5 tinget, s\u00e5\u00a0er Tove Karolines innsats i 2005 for \u00e5 sikre Ap tre mandater i Troms, en stor inspirasjon i s\u00e5 m\u00e5te.<\/p>\n<p><a href=\"https:\/\/www.last.fm\/music\/Tove+Karoline+Knutsen\" target=\"_blank\">Lytt p\u00e5 noe av Tove Karolines musikk (via last.fm)<\/a><\/p>\n<blockquote><p>Tove Karoline fra Gryllefjord og Senja, med fortid i Harstad og Troms\u00f8 &#8211; du har virkelig v\u00e6rt hele fylket sin Stortingsrepresentant. N\u00e5 h\u00e5per og gleder jeg meg til at hun kan f\u00e5 er tid hjemme i Troms\u00f8 og dermed kanskje bidra enda mer i lokalpartiet. Uansett kan vi kose oss med Tove Karolines siste innlegg og sang fra talerstolen i Stortinget&#8230;.<\/p><\/blockquote>\n","protected":false},"excerpt":{"rendered":"<p>Tove Karoline Knutsen har sittet p\u00e5 Stortinget for Troms og siden 2005. N\u00e5 gir hun seg etter tolv \u00e5 og\u00a0for et &laquo;punktum&raquo; hun satte for en lang og flott karriere.<\/p>\n","protected":false},"author":2,"featured_media":1414,"comment_status":"open","ping_status":"open","sticky":false,"template":"","format":"standard","meta":{"jetpack_post_was_ever_published":false,"_jetpack_newsletter_access":"","_jetpack_dont_email_post_to_subs":true,"_jetpack_newsletter_tier_id":0,"_jetpack_memberships_contains_paywalled_content":false,"_jetpack_memberships_contains_paid_content":false,"footnotes":"","jetpack_publicize_message":"","jetpack_publicize_feature_enabled":true,"jetpack_social_post_already_shared":true,"jetpack_social_options":{"image_generator_settings":{"template":"highway","default_image_id":0,"font":"","enabled":false},"version":2}},"categories":[487],"tags":[362,294,562],"class_list":["post-1407","post","type-post","status-publish","format-standard","has-post-thumbnail","hentry","category-stortinget","tag-innlegg","tag-stortinget","tag-tove-karoline-knutsen"],"jetpack_publicize_connections":[],"jetpack_featured_media_url":"https:\/\/i0.wp.com\/jarleheitmann.no\/wp-content\/uploads\/2017\/06\/TKK_ekstrastort-e1497997758789.jpg?fit=240%2C321&ssl=1","jetpack_sharing_enabled":true,"jetpack_shortlink":"https:\/\/wp.me\/p6OCVj-mH","jetpack-related-posts":[],"_links":{"self":[{"href":"https:\/\/jarleheitmann.no\/index.php\/wp-json\/wp\/v2\/posts\/1407","targetHints":{"allow":["GET"]}}],"collection":[{"href":"https:\/\/jarleheitmann.no\/index.php\/wp-json\/wp\/v2\/posts"}],"about":[{"href":"https:\/\/jarleheitmann.no\/index.php\/wp-json\/wp\/v2\/types\/post"}],"author":[{"embeddable":true,"href":"https:\/\/jarleheitmann.no\/index.php\/wp-json\/wp\/v2\/users\/2"}],"replies":[{"embeddable":true,"href":"https:\/\/jarleheitmann.no\/index.php\/wp-json\/wp\/v2\/comments?post=1407"}],"version-history":[{"count":8,"href":"https:\/\/jarleheitmann.no\/index.php\/wp-json\/wp\/v2\/posts\/1407\/revisions"}],"predecessor-version":[{"id":1423,"href":"https:\/\/jarleheitmann.no\/index.php\/wp-json\/wp\/v2\/posts\/1407\/revisions\/1423"}],"wp:featuredmedia":[{"embeddable":true,"href":"https:\/\/jarleheitmann.no\/index.php\/wp-json\/wp\/v2\/media\/1414"}],"wp:attachment":[{"href":"https:\/\/jarleheitmann.no\/index.php\/wp-json\/wp\/v2\/media?parent=1407"}],"wp:term":[{"taxonomy":"category","embeddable":true,"href":"https:\/\/jarleheitmann.no\/index.php\/wp-json\/wp\/v2\/categories?post=1407"},{"taxonomy":"post_tag","embeddable":true,"href":"https:\/\/jarleheitmann.no\/index.php\/wp-json\/wp\/v2\/tags?post=1407"}],"curies":[{"name":"wp","href":"https:\/\/api.w.org\/{rel}","templated":true}]}}