{"id":1244,"date":"2017-05-01T02:54:42","date_gmt":"2017-05-01T00:54:42","guid":{"rendered":"http:\/\/gladitromso.no\/?p=1244"},"modified":"2017-05-01T02:54:42","modified_gmt":"2017-05-01T00:54:42","slug":"brage-larsen-sollund-bolig","status":"publish","type":"post","link":"https:\/\/jarleheitmann.no\/index.php\/2017\/05\/01\/brage-larsen-sollund-bolig\/","title":{"rendered":"Brage Larsen Sollund: bolig til alle"},"content":{"rendered":"<figure id=\"attachment_1245\" aria-describedby=\"caption-attachment-1245\" style=\"width: 200px\" class=\"wp-caption alignleft\"><a href=\"https:\/\/i0.wp.com\/gladitromso.no\/wp-content\/uploads\/2017\/05\/22408164559_c725ee2fd0_o.jpg\"><img data-recalc-dims=\"1\" loading=\"lazy\" decoding=\"async\" data-attachment-id=\"1245\" data-permalink=\"https:\/\/jarleheitmann.no\/index.php\/2017\/05\/01\/brage-larsen-sollund-bolig\/22408164559_c725ee2fd0_o\/\" data-orig-file=\"https:\/\/i0.wp.com\/jarleheitmann.no\/wp-content\/uploads\/2017\/05\/22408164559_c725ee2fd0_o-e1493600068136.jpg?fit=3717%2C2946&amp;ssl=1\" data-orig-size=\"3717,2946\" data-comments-opened=\"1\" data-image-meta=\"{&quot;aperture&quot;:&quot;0&quot;,&quot;credit&quot;:&quot;Marius Fiskum&quot;,&quot;camera&quot;:&quot;&quot;,&quot;caption&quot;:&quot;&quot;,&quot;created_timestamp&quot;:&quot;0&quot;,&quot;copyright&quot;:&quot;www.mariusfiskum.no&quot;,&quot;focal_length&quot;:&quot;0&quot;,&quot;iso&quot;:&quot;0&quot;,&quot;shutter_speed&quot;:&quot;0&quot;,&quot;title&quot;:&quot;&quot;,&quot;orientation&quot;:&quot;0&quot;}\" data-image-title=\"22408164559_c725ee2fd0_o\" data-image-description=\"\" data-image-caption=\"&lt;p&gt;Brage Larsen Sollund er Aps gruppeleder i Troms\u00f8 kommunestyre og nestleder i utdannings- og oppvekstkomiteen.&lt;\/p&gt;\n\" data-medium-file=\"https:\/\/i0.wp.com\/jarleheitmann.no\/wp-content\/uploads\/2017\/05\/22408164559_c725ee2fd0_o-e1493600068136.jpg?fit=300%2C238&amp;ssl=1\" data-large-file=\"https:\/\/i0.wp.com\/jarleheitmann.no\/wp-content\/uploads\/2017\/05\/22408164559_c725ee2fd0_o-e1493600068136.jpg?fit=1024%2C812&amp;ssl=1\" class=\"size-medium wp-image-1245\" src=\"https:\/\/i0.wp.com\/gladitromso.no\/wp-content\/uploads\/2017\/05\/22408164559_c725ee2fd0_o-200x300.jpg?resize=200%2C300\" alt=\"Brage Larsen Sollund er Aps gruppeleder i Troms\u00f8 kommunestyre og nestleder i utdannings- og oppvekstkomiteen.\" width=\"200\" height=\"300\" \/><\/a><figcaption id=\"caption-attachment-1245\" class=\"wp-caption-text\">Brage Larsen Sollund er Aps gruppeleder i Troms\u00f8 kommunestyre og nestleder i utdannings- og oppvekstkomiteen.<\/figcaption><\/figure>\n<p>Gjennom hundre \u00e5rs kamp har arbeiderbevegelsen sikret gode l\u00f8nninger, trygge arbeidsplasser og muligheten til \u00e5 leve verdige liv.\u00a0 1. mai, arbeidernes internasjonale kampdag, er selve symbolet.<\/p>\n<p><!--more-->Det er en festdag for oppn\u00e5dde seire og da jeg kom inn i politikken var det noe fint ved at de som hadde g\u00e5tt foran visste \u00e5 verdsatte den. De stilte opp i sin fineste dress, kom p\u00e5 frokost og gikk i tog.<\/p>\n<p>Takket v\u00e6re de som gikk foran har vi mye \u00e5 feire p\u00e5 1. mai i Norge. Vi er blant verdens beste land \u00e5 bo i, vi har gratis skole, gratis helse, pensjoner til de eldre og et velferdssystem som tar vare p\u00e5 deg om du blir syk eller av andre grunner blir tvunget ut av arbeidslivet. Det er grunn til \u00e5 minne oss om at dette ikke er kommet gratis og at vi ikke kan hvile p\u00e5 laurb\u00e6rene. Vi har mye igjen.<\/p>\n<p>Dagens regjering tar Norge i feil retning og \u00f8ker forskjellene i Norge, de som har mye f\u00e5r enda mer. Det er sikkert hyggelig for dem. Baksiden er at det blir enda vanskeligere for de som sitter helt nederst med bordet. Der vi ser det aller tydeligst er i boligmarkedet og s\u00e6rlig i byene. Troms\u00f8 er intet unntak.<\/p>\n<p>Prisniv\u00e5et har gjort det til en umulighet for at de som har minst kan eie sin egen bolig, men ogs\u00e5 for enslige med en alminnelig inntekt er det vanskelig og ikke rom for det store krypinnet. Det gj\u00f8r at sv\u00e6rt mange er tvunget inn i leiemarkedet og der er det beinhardt. Det er f\u00e5 boliger og hard konkurranse.<br \/>\nDerfor lanserte vi i kommunestyret p\u00e5 onsdag bolig som v\u00e5r hovedprioritering foran neste \u00e5rs budsjett. Samarbeidspartiene best\u00e5ende av R\u00f8dt, SV og Ap gikk til valg p\u00e5 at kommunen skulle f\u00e5 400 nye boliger.<\/p>\n<blockquote><p><strong>Vi \u00f8nsker \u00e5 sette bolig til de som har det vanskeligst \u00f8verst p\u00e5 agendaen og har derfor dette som v\u00e5r hovedprioritering til neste \u00e5r.<\/strong><\/p><\/blockquote>\n<p>For meg g\u00e5r dette inn i kjernen av en lang historie med arbeiderkamp, det handler om \u00e5 bygge et samfunn for de som har minst.Tage Erlander, tidligere statsminister i Sverige, sa at det er sosialdemokratiets oppgave \u00e5 bygge dansegulv. Solide dansegulv der alle kan danse sine veldige forskjellige liv.<\/p>\n<figure id=\"attachment_336\" aria-describedby=\"caption-attachment-336\" style=\"width: 150px\" class=\"wp-caption alignright\"><a href=\"https:\/\/i0.wp.com\/gladitromso.no\/wp-content\/uploads\/2016\/10\/computer.png\"><img data-recalc-dims=\"1\" loading=\"lazy\" decoding=\"async\" data-attachment-id=\"336\" data-permalink=\"https:\/\/jarleheitmann.no\/index.php\/2016\/10\/21\/glad-tromso-arild-hausberg\/computer\/\" data-orig-file=\"https:\/\/i0.wp.com\/jarleheitmann.no\/wp-content\/uploads\/2016\/10\/computer.png?fit=371%2C357&amp;ssl=1\" data-orig-size=\"371,357\" data-comments-opened=\"1\" data-image-meta=\"{&quot;aperture&quot;:&quot;0&quot;,&quot;credit&quot;:&quot;&quot;,&quot;camera&quot;:&quot;&quot;,&quot;caption&quot;:&quot;&quot;,&quot;created_timestamp&quot;:&quot;0&quot;,&quot;copyright&quot;:&quot;&quot;,&quot;focal_length&quot;:&quot;0&quot;,&quot;iso&quot;:&quot;0&quot;,&quot;shutter_speed&quot;:&quot;0&quot;,&quot;title&quot;:&quot;&quot;,&quot;orientation&quot;:&quot;0&quot;}\" data-image-title=\"computer\" data-image-description=\"\" data-image-caption=\"&lt;p&gt;Hver uke inviteres en gjesteblogger til &amp;laquo;Glad i Troms\u00f8&amp;raquo;.&lt;\/p&gt;\n\" data-medium-file=\"https:\/\/i0.wp.com\/jarleheitmann.no\/wp-content\/uploads\/2016\/10\/computer.png?fit=300%2C289&amp;ssl=1\" data-large-file=\"https:\/\/i0.wp.com\/jarleheitmann.no\/wp-content\/uploads\/2016\/10\/computer.png?fit=371%2C357&amp;ssl=1\" class=\"size-thumbnail wp-image-336\" src=\"https:\/\/i0.wp.com\/gladitromso.no\/wp-content\/uploads\/2016\/10\/computer-150x150.png?resize=150%2C150\" alt=\"Hver uke inviteres en gjesteblogger til &quot;Glad i Troms\u00f8&quot;.\" width=\"150\" height=\"150\" srcset=\"https:\/\/i0.wp.com\/jarleheitmann.no\/wp-content\/uploads\/2016\/10\/computer.png?resize=150%2C150&amp;ssl=1 150w, https:\/\/i0.wp.com\/jarleheitmann.no\/wp-content\/uploads\/2016\/10\/computer.png?zoom=2&amp;resize=150%2C150&amp;ssl=1 300w\" sizes=\"auto, (max-width: 150px) 100vw, 150px\" \/><\/a><figcaption id=\"caption-attachment-336\" class=\"wp-caption-text\">Hver uke inviteres en gjesteblogger til &laquo;Glad i Troms\u00f8&raquo;.<\/figcaption><\/figure>\n<p>\u00c5 bygge bolig handler om dette. Det er i boligbransjen vi ser de st\u00f8rste klasseforskjellene og er v\u00e5r klassekamp. Sosial boligbygging handler om \u00e5 skape en bunn hvor ingen faller gjennom.<\/p>\n<p>Det handler om at alle fortjener et verdig liv og en plass \u00e5 leve. Det handler om \u00e5 skape trygghet for hvor du skal sove i natt, og neste natt. Det handler om \u00e5 skape en stabilitet i livet og at alle skal ha et hjem.<\/p>\n<p><strong>Det er derfor vi \u00f8nsker \u00e5 prioritere bolig til alle.<\/strong><\/p>\n","protected":false},"excerpt":{"rendered":"<p>Gjennom hundre \u00e5rs kamp har arbeiderbevegelsen sikret gode l\u00f8nninger, trygge arbeidsplasser og muligheten til \u00e5 leve verdige liv.\u00a0 1. mai, arbeidernes internasjonale kampdag, er selve symbolet.<\/p>\n","protected":false},"author":2,"featured_media":1245,"comment_status":"open","ping_status":"open","sticky":false,"template":"","format":"standard","meta":{"jetpack_post_was_ever_published":false,"_jetpack_newsletter_access":"","_jetpack_dont_email_post_to_subs":false,"_jetpack_newsletter_tier_id":0,"_jetpack_memberships_contains_paywalled_content":false,"_jetpack_memberships_contains_paid_content":false,"footnotes":"","jetpack_publicize_message":"","jetpack_publicize_feature_enabled":true,"jetpack_social_post_already_shared":true,"jetpack_social_options":{"image_generator_settings":{"template":"highway","default_image_id":0,"font":"","enabled":false},"version":2}},"categories":[110],"tags":[485,484,486],"class_list":["post-1244","post","type-post","status-publish","format-standard","has-post-thumbnail","hentry","category-gjesteblogger","tag-1-mai","tag-bolig","tag-solidaritet"],"jetpack_publicize_connections":[],"jetpack_featured_media_url":"https:\/\/i0.wp.com\/jarleheitmann.no\/wp-content\/uploads\/2017\/05\/22408164559_c725ee2fd0_o-e1493600068136.jpg?fit=3717%2C2946&ssl=1","jetpack_sharing_enabled":true,"jetpack_shortlink":"https:\/\/wp.me\/p6OCVj-k4","jetpack-related-posts":[],"_links":{"self":[{"href":"https:\/\/jarleheitmann.no\/index.php\/wp-json\/wp\/v2\/posts\/1244","targetHints":{"allow":["GET"]}}],"collection":[{"href":"https:\/\/jarleheitmann.no\/index.php\/wp-json\/wp\/v2\/posts"}],"about":[{"href":"https:\/\/jarleheitmann.no\/index.php\/wp-json\/wp\/v2\/types\/post"}],"author":[{"embeddable":true,"href":"https:\/\/jarleheitmann.no\/index.php\/wp-json\/wp\/v2\/users\/2"}],"replies":[{"embeddable":true,"href":"https:\/\/jarleheitmann.no\/index.php\/wp-json\/wp\/v2\/comments?post=1244"}],"version-history":[{"count":1,"href":"https:\/\/jarleheitmann.no\/index.php\/wp-json\/wp\/v2\/posts\/1244\/revisions"}],"predecessor-version":[{"id":1246,"href":"https:\/\/jarleheitmann.no\/index.php\/wp-json\/wp\/v2\/posts\/1244\/revisions\/1246"}],"wp:featuredmedia":[{"embeddable":true,"href":"https:\/\/jarleheitmann.no\/index.php\/wp-json\/wp\/v2\/media\/1245"}],"wp:attachment":[{"href":"https:\/\/jarleheitmann.no\/index.php\/wp-json\/wp\/v2\/media?parent=1244"}],"wp:term":[{"taxonomy":"category","embeddable":true,"href":"https:\/\/jarleheitmann.no\/index.php\/wp-json\/wp\/v2\/categories?post=1244"},{"taxonomy":"post_tag","embeddable":true,"href":"https:\/\/jarleheitmann.no\/index.php\/wp-json\/wp\/v2\/tags?post=1244"}],"curies":[{"name":"wp","href":"https:\/\/api.w.org\/{rel}","templated":true}]}}