{"id":1049,"date":"2017-03-07T21:20:02","date_gmt":"2017-03-07T20:20:02","guid":{"rendered":"http:\/\/gladitromso.no\/index.php\/2017\/03\/08\/boikottet-av-israel\/"},"modified":"2017-03-08T07:39:18","modified_gmt":"2017-03-08T06:39:18","slug":"boikottet-av-israel","status":"publish","type":"post","link":"https:\/\/jarleheitmann.no\/index.php\/2017\/03\/07\/boikottet-av-israel\/","title":{"rendered":"Boikottet av Israel"},"content":{"rendered":"<p><figure id=\"attachment_1048\" aria-describedby=\"caption-attachment-1048\" style=\"width: 240px\" class=\"wp-caption alignright\"><a href=\"https:\/\/i0.wp.com\/gladitromso.no\/wp-content\/uploads\/2017\/03\/img_0468.jpg\"><img data-recalc-dims=\"1\" loading=\"lazy\" decoding=\"async\" data-attachment-id=\"1048\" data-permalink=\"https:\/\/jarleheitmann.no\/index.php\/2017\/03\/07\/boikottet-av-israel\/img_0468\/\" data-orig-file=\"https:\/\/i0.wp.com\/jarleheitmann.no\/wp-content\/uploads\/2017\/03\/img_0468.jpg?fit=1280%2C1920&amp;ssl=1\" data-orig-size=\"1280,1920\" data-comments-opened=\"1\" data-image-meta=\"{&quot;aperture&quot;:&quot;0&quot;,&quot;credit&quot;:&quot;&quot;,&quot;camera&quot;:&quot;&quot;,&quot;caption&quot;:&quot;&quot;,&quot;created_timestamp&quot;:&quot;0&quot;,&quot;copyright&quot;:&quot;&quot;,&quot;focal_length&quot;:&quot;0&quot;,&quot;iso&quot;:&quot;0&quot;,&quot;shutter_speed&quot;:&quot;0&quot;,&quot;title&quot;:&quot;&quot;,&quot;orientation&quot;:&quot;0&quot;}\" data-image-title=\"img_0468\" data-image-description=\"\" data-image-caption=\"\" data-medium-file=\"https:\/\/i0.wp.com\/jarleheitmann.no\/wp-content\/uploads\/2017\/03\/img_0468.jpg?fit=200%2C300&amp;ssl=1\" data-large-file=\"https:\/\/i0.wp.com\/jarleheitmann.no\/wp-content\/uploads\/2017\/03\/img_0468.jpg?fit=683%2C1024&amp;ssl=1\" width=\"240\" height=\"360\" alt=\"\" src=\"https:\/\/i0.wp.com\/gladitromso.no\/wp-content\/uploads\/2017\/03\/img_0468.jpg?resize=240%2C360\" title=\"Milit\u00e6rt kj\u00f8ret\u00f8y fra den israelske h\u00e6ren.\" class=\"size-medium wp-image-1048\" srcset=\"https:\/\/i0.wp.com\/jarleheitmann.no\/wp-content\/uploads\/2017\/03\/img_0468.jpg?w=1280&amp;ssl=1 1280w, https:\/\/i0.wp.com\/jarleheitmann.no\/wp-content\/uploads\/2017\/03\/img_0468.jpg?resize=200%2C300&amp;ssl=1 200w, https:\/\/i0.wp.com\/jarleheitmann.no\/wp-content\/uploads\/2017\/03\/img_0468.jpg?resize=768%2C1152&amp;ssl=1 768w, https:\/\/i0.wp.com\/jarleheitmann.no\/wp-content\/uploads\/2017\/03\/img_0468.jpg?resize=683%2C1024&amp;ssl=1 683w, https:\/\/i0.wp.com\/jarleheitmann.no\/wp-content\/uploads\/2017\/03\/img_0468.jpg?resize=750%2C1125&amp;ssl=1 750w\" sizes=\"auto, (max-width: 240px) 100vw, 240px\" \/><\/a><figcaption id=\"caption-attachment-1048\" class=\"wp-caption-text\">Milit\u00e6rt kj\u00f8ret\u00f8y fra den israelske h\u00e6ren. (Foto: Pixabay.com)<\/figcaption><\/figure>Da har Knesset &#8211; den israelske nasjonalforsamlingen &#8211; vedtatt en lov som i praksis nekter innreise til Israel for oss som stemte for at Troms\u00f8 kommune skal avst\u00e5 fra \u00e5 kj\u00f8pe israelske varer og tjenester som er produsert i okkuperte palestinske omr\u00e5der. Jeg er alts\u00e5 boikottet av Israel!<\/p>\n<p>Det er alts\u00e5 slik et land som mener de er demokratisk, svarer p\u00e5 en kritikk som er folkerettslig forankret. Med \u00e5 generelt boikotte alle som hever kritiske sp\u00f8rsm\u00e5l, til den israelske okkupasjonen, som ogs\u00e5 er fastsl\u00e5tt som en okkupasjon gjennom folkeretten.<\/p>\n<p>Det var et privat forslag fra Jens Ingvald Olsen og Mads Gilbert fra R\u00f8dt, som med en endring, &nbsp;ble vedtatt i kommunestyret 14.12.16:<\/p>\n<p><a href=\"http:\/\/postliste.tromso.kommune.no\/application\/getDocument?filid=2064896.0\">Troms\u00f8 kommunestyre 14.12.16: Privat forslag om kj\u00f8p av israelske varer\/tjenester (protokoll)<\/a><\/p>\n<blockquote><p>Troms\u00f8 kommunestyre viser til at kj\u00f8p av israelske varer\/tjenester som er produsert i omr\u00e5der under folkerettsstridig okkupasjon strider mot Troms\u00f8 kommunes etiske retningslinjer. Troms\u00f8 kommune vil p\u00e5 denne bakgrunn avst\u00e5 fra \u00e5 kj\u00f8pe israelske varer og tjenester som er produsert i <b>okkuperte palestinske omr\u00e5der<\/b>.<\/p><\/blockquote>\n<p>Jeg la i formannskapet frem forslaget om at det private forslaget skulle bli godkjent saksbehandlet og sendt til kommunestyret. Der hadde jeg Arbeiderpartiets hovedinnlegg i en sterkt ladet debatt. Som gikk s\u00e5 langt at forslagsstillerne, sammen med meg og to andre i kommunestyre, m\u00e5tte levere protokolltilf\u00f8rsel, fordi ordet antisemittisme ble brukt som motargument. Det var langt over streken for hva som er akseptabelt, fordi der brukes som et fors\u00f8ke p\u00e5 \u00e5 kvele ethver debatt.<\/p>\n<p><figure id=\"attachment_1050\" aria-describedby=\"caption-attachment-1050\" style=\"width: 270px\" class=\"wp-caption alignleft\"><a href=\"https:\/\/i0.wp.com\/gladitromso.no\/wp-content\/uploads\/2017\/03\/img_0470.jpg\"><img data-recalc-dims=\"1\" loading=\"lazy\" decoding=\"async\" data-attachment-id=\"1050\" data-permalink=\"https:\/\/jarleheitmann.no\/index.php\/2017\/03\/07\/boikottet-av-israel\/img_0470\/\" data-orig-file=\"https:\/\/i0.wp.com\/jarleheitmann.no\/wp-content\/uploads\/2017\/03\/img_0470.jpg?fit=640%2C426&amp;ssl=1\" data-orig-size=\"640,426\" data-comments-opened=\"1\" data-image-meta=\"{&quot;aperture&quot;:&quot;0&quot;,&quot;credit&quot;:&quot;&quot;,&quot;camera&quot;:&quot;&quot;,&quot;caption&quot;:&quot;&quot;,&quot;created_timestamp&quot;:&quot;0&quot;,&quot;copyright&quot;:&quot;&quot;,&quot;focal_length&quot;:&quot;0&quot;,&quot;iso&quot;:&quot;0&quot;,&quot;shutter_speed&quot;:&quot;0&quot;,&quot;title&quot;:&quot;&quot;,&quot;orientation&quot;:&quot;0&quot;}\" data-image-title=\"img_0470\" data-image-description=\"\" data-image-caption=\"\" data-medium-file=\"https:\/\/i0.wp.com\/jarleheitmann.no\/wp-content\/uploads\/2017\/03\/img_0470.jpg?fit=300%2C200&amp;ssl=1\" data-large-file=\"https:\/\/i0.wp.com\/jarleheitmann.no\/wp-content\/uploads\/2017\/03\/img_0470.jpg?fit=640%2C426&amp;ssl=1\" width=\"270\" height=\"180\" alt=\"\" src=\"https:\/\/i0.wp.com\/gladitromso.no\/wp-content\/uploads\/2017\/03\/img_0470.jpg?resize=270%2C180\" title=\"Gaza-stripen 2015 (foto:Pixabay)\" class=\"size-thumbnail wp-image-1050\" srcset=\"https:\/\/i0.wp.com\/jarleheitmann.no\/wp-content\/uploads\/2017\/03\/img_0470.jpg?w=640&amp;ssl=1 640w, https:\/\/i0.wp.com\/jarleheitmann.no\/wp-content\/uploads\/2017\/03\/img_0470.jpg?resize=300%2C200&amp;ssl=1 300w\" sizes=\"auto, (max-width: 270px) 100vw, 270px\" \/><\/a><figcaption id=\"caption-attachment-1050\" class=\"wp-caption-text\">Gaza-stripen 2015 (foto:Pixabay)<\/figcaption><\/figure>Det er en <b>stor misforst\u00e5else<\/b> som gjelder i denne saken. Jeg har ikke argumentert for noen boikott av Israel. Jeg st\u00f8tter ikke noen slik boikott heller. Jeg vil faktisk ha \u00f8kt handel og samkvem med Israel, og mener det er viktig, fordi slik samarbeid vil \u00f8ke dialogen og dermed muligheten til \u00e5 p\u00e5virke med positive internasjonale verkt\u00f8y. Men det gjelder det Israel som fikk anerkjent sine grenser av folkeretten i 1967. Det er kun fra de omr\u00e5der folkeretten omtaler som okkuperte omr\u00e5der, vi vil at Troms\u00f8 Kommune skal avst\u00e5 fra \u00e5 handle fra. Det er et godt prinsipp og noe \u00e5 strekke seg mot<\/p>\n<p>En annen p\u00e5stand, er at vi bare har tenkt p\u00e5 Israel! Hvorfor ikke Russland eller andre okkupanter, &nbsp;ble trukket frem i debatten flere ganger. Jo, men det er jo faktisk en feil p\u00e5stand. I vedtaket viser vi f.eks til at vi m\u00e5 f\u00e5 samme praksis som det som gjelder Vest-Sahara. For det er jo poenget. Vi mener at Troms\u00f8 kommune faktisk skal avst\u00e5 fra \u00e5 handle med okkuperte omr\u00e5der verden over.<\/p>\n<p><a href=\"https:\/\/www.nrk.no\/troms\/israel-boikotter-tromsos-ordforer-1.13413576\">NRK Troms 7.3.17: Israel boikotter Troms\u00f8s ordf\u00f8rer<\/a><br \/>\n<a href=\"https:\/\/www.nordlys.no\/politikk\/tromso\/arbeiderpartiet\/de-sorget-for-flertall-i-kommunestyret-na-kan-duoen-trolig-stryke-et-ferieland-av-listen\/s\/5-34-585514\">Bladet Nordlys 7.3.17: De s\u00f8rget for flertall i kommunestyret. N\u00e5 kan duoen trolig stryke et ferieland av listen<\/a><br \/>\n<a href=\"http:\/\/www.itromso.no\/nyheter\/2017\/03\/07\/Israel-boikotter-Troms\u00f8-politikere-14404239.ece\">ITroms\u00f8 7.3.17: Israel boikotter Troms\u00f8-politikere&nbsp;<\/a><\/p>\n<p>Hvilke f\u00f8lger f\u00e5r s\u00e5 denne &laquo;boikotten&raquo; som n\u00e5 gj\u00f8r at jeg, sammen med 24 andre i kommunestyret i Troms\u00f8, risikerer \u00e5 bli nektet innreise i Israel? Jeg mener dette gj\u00f8r at Israel i realiteten svekker sin sak ytterliggere og p\u00e5 en m\u00e5te som kan ta en farlig vending. Responsen som skj\u00e6rer alle kritikere over en kam, er noe man ikke skulle forvente av et demokrati som sagt.&nbsp;<\/p>\n<p>Det er ogs\u00e5 spesielt at vi som faktisk ikke \u00f8nsker en boikott av Israel som nasjon og stat (innenfor grensene fra 1967), &nbsp;men \u00f8nsker \u00e5 bruke handelsboikott som et presist virkemiddel og kun fra okkuperte omr\u00e5der for \u00e5 ramme okkupantene, blir m\u00f8tt med nettopp det virkemiddelet Israel \u00f8nsker \u00e5 unng\u00e5. Alts\u00e5 innf\u00f8rer de en generell boikott, fordi de vil &laquo;straffe&raquo; de som de mener har snakket frem boikott&#8230; ogs\u00e5 er det faktisk ikke boikott vi snakker om! Da kan de nettopp risikere at saken i verdensopinionen eskalerer og stadig flere faktisk tar til orde for nettopp boikott av Israel. <b>Jeg tror ikke det bedrer samarbeidet og dialogen om Midt \u00d8sten, heller tvert imot.&nbsp;<\/b><\/p>\n","protected":false},"excerpt":{"rendered":"<p>Da har Knesset &#8211; den israelske nasjonalforsamlingen &#8211; vedtatt en lov som i praksis nekter innreise til Israel for oss som stemte for at Troms\u00f8 kommune skal avst\u00e5 fra \u00e5 [&hellip;]<\/p>\n","protected":false},"author":2,"featured_media":1054,"comment_status":"open","ping_status":"open","sticky":false,"template":"","format":"standard","meta":{"jetpack_post_was_ever_published":false,"_jetpack_newsletter_access":"","_jetpack_dont_email_post_to_subs":true,"_jetpack_newsletter_tier_id":0,"_jetpack_memberships_contains_paywalled_content":false,"_jetpack_memberships_contains_paid_content":false,"footnotes":"","jetpack_publicize_message":"","jetpack_publicize_feature_enabled":true,"jetpack_social_post_already_shared":true,"jetpack_social_options":{"image_generator_settings":{"template":"highway","default_image_id":0,"font":"","enabled":false},"version":2}},"categories":[3,321],"tags":[417,414,243,419,418,416,413,415],"class_list":["post-1049","post","type-post","status-publish","format-standard","has-post-thumbnail","hentry","category-kommunestyret","category-utenriks","tag-folkeretten","tag-gaza","tag-israel","tag-knesset","tag-modt-osten","tag-okkupasjon","tag-palestina","tag-vestbredden"],"jetpack_publicize_connections":[],"jetpack_featured_media_url":"https:\/\/i0.wp.com\/jarleheitmann.no\/wp-content\/uploads\/2017\/03\/img_0470-1.jpg?fit=640%2C426&ssl=1","jetpack_sharing_enabled":true,"jetpack_shortlink":"https:\/\/wp.me\/p6OCVj-gV","jetpack-related-posts":[],"_links":{"self":[{"href":"https:\/\/jarleheitmann.no\/index.php\/wp-json\/wp\/v2\/posts\/1049","targetHints":{"allow":["GET"]}}],"collection":[{"href":"https:\/\/jarleheitmann.no\/index.php\/wp-json\/wp\/v2\/posts"}],"about":[{"href":"https:\/\/jarleheitmann.no\/index.php\/wp-json\/wp\/v2\/types\/post"}],"author":[{"embeddable":true,"href":"https:\/\/jarleheitmann.no\/index.php\/wp-json\/wp\/v2\/users\/2"}],"replies":[{"embeddable":true,"href":"https:\/\/jarleheitmann.no\/index.php\/wp-json\/wp\/v2\/comments?post=1049"}],"version-history":[{"count":3,"href":"https:\/\/jarleheitmann.no\/index.php\/wp-json\/wp\/v2\/posts\/1049\/revisions"}],"predecessor-version":[{"id":1056,"href":"https:\/\/jarleheitmann.no\/index.php\/wp-json\/wp\/v2\/posts\/1049\/revisions\/1056"}],"wp:featuredmedia":[{"embeddable":true,"href":"https:\/\/jarleheitmann.no\/index.php\/wp-json\/wp\/v2\/media\/1054"}],"wp:attachment":[{"href":"https:\/\/jarleheitmann.no\/index.php\/wp-json\/wp\/v2\/media?parent=1049"}],"wp:term":[{"taxonomy":"category","embeddable":true,"href":"https:\/\/jarleheitmann.no\/index.php\/wp-json\/wp\/v2\/categories?post=1049"},{"taxonomy":"post_tag","embeddable":true,"href":"https:\/\/jarleheitmann.no\/index.php\/wp-json\/wp\/v2\/tags?post=1049"}],"curies":[{"name":"wp","href":"https:\/\/api.w.org\/{rel}","templated":true}]}}